{"id":29324,"date":"2020-06-16T20:28:29","date_gmt":"2020-06-16T20:28:29","guid":{"rendered":"https:\/\/sertv.gob.pa\/crisolfm\/?p=29324"},"modified":"2020-06-16T20:28:29","modified_gmt":"2020-06-16T20:28:29","slug":"los-museos-dali-reabren-el-11-de-julio-y-preven-perdidas-de-45-millones-de-euros","status":"publish","type":"post","link":"https:\/\/sertv.gob.pa\/crisolfm\/los-museos-dali-reabren-el-11-de-julio-y-preven-perdidas-de-45-millones-de-euros\/","title":{"rendered":"Los museos Dal\u00ed reabren el 11 de julio y prev\u00e9n p\u00e9rdidas de 4,5 millones de euros"},"content":{"rendered":"<p>Diez d\u00edas m\u00e1s y la reapertura hubiese coincidido con <a href=\"https:\/\/www.abc.es\/cultura\/abci-falsa-hija-dali-condenada-pagar-exhumacion-artista-202005191544_noticia.html\" target=\"_blank\" rel=\"noopener\">el tercer aniversario de la exhumaci\u00f3n<\/a> de <strong>Salvador Dal\u00ed,<\/strong> momento en el que, cada vez queda m\u00e1s claro, todo se empez\u00f3 a torcer, pero como no est\u00e1 el horno para bollos ni para ir tentando a la suerte, tanto el <strong>Teatro-Museo Dal\u00ed de Figueres<\/strong> como sus sat\u00e9lites en P\u00fabol y Portlligat reabrir\u00e1n sus puertas el pr\u00f3ximo 11 de julio.<\/p>\n<p>Ser\u00e1, con todo, un regreso parcial, ya que, tal y como ha explicado este martes el presidente de la<strong> Fundaci\u00f3n Gala-Salvador Dal\u00ed,<\/strong> Jordi Mercader los tres espacios volver\u00e1 a echar el cierre el 13 de septiembre, siempre que la situaci\u00f3n no permita mantenerlos abiertos, en un <a href=\"https:\/\/www.abc.es\/espana\/catalunya\/disfruta\/abci-figueras-recupera-obras-dali-habian-quedado-varadas-moscu-tras-crisis-coronavirus-202004011748_noticia.html\" target=\"_blank\" rel=\"noopener\">intento por controlar gastos y tratar de minimizar el colosal impacto del <\/a><strong><a href=\"https:\/\/www.abc.es\/espana\/catalunya\/disfruta\/abci-figueras-recupera-obras-dali-habian-quedado-varadas-moscu-tras-crisis-coronavirus-202004011748_noticia.html\" target=\"_blank\" rel=\"noopener\">coronavirus. <\/a><\/strong><\/p>\n<p>\u00abNo es una crisis coyuntural, ha venido para quedarse\u00bb, ha advertido Mercad\u00e9, quien ha avanzado que la entidad, con un 80% de p\u00fablico extranjero y un 85% de los ingresos ligados a las visitas, prev\u00e9 para este a\u00f1o unas p\u00e9rdidas de <strong>4,5 millones de euros.<\/strong> La buena noticia, o la menos mala, es que la fundaci\u00f3n ven\u00eda de cerrar 2019 con un beneficio de 4,2 millones de euros, coj\u00edn que, seg\u00fan Mercad\u00e9, ha permitido \u00abhacer frente a los gastos corrientes y a las inversiones comprometidas\u00bb.<\/p>\n<p>Con todo, la instituci\u00f3n ha tenido que aplica un<strong> ERTE<\/strong> a toda la plantilla, cerca de 120 trabajadores en total, y calcula que abrir durante este verano implicar\u00e1 una inversi\u00f3n de 500.000 euros. \u00abHemos hecho un esfuerzo en la reducci\u00f3n de gasto que nos ha permitido comprar el tiempo necesario para gestionar con serenidad el futuro de la instituci\u00f3n. Los cambios deber\u00edan llegar hacia finales de a\u00f1o\u00bb, ha dicho Mercad\u00e9.<\/p>\n<p>La nueva estrategia, ha a\u00f1adido, se basa en potenciar<strong> ingresos adicionales,<\/strong> ya sea a partir de exposiciones temporales fuera de Espa\u00f1a o de estrechar lazos con el mundo editorial. Sobre esto \u00faltimo, Mercad\u00e9 avanz\u00f3 que Taschen publicar\u00e1, previsiblemente durante el primer trimestre de 2021, un gran libro antol\u00f3gico sobre la obra de Dal\u00ed, y que se est\u00e1 estudiando la posibilidad de preparar una nueva edici\u00f3n de \u00abLa vida secreta de Salvador Dal\u00ed\u00bb.<\/p>\n<p>El futuro inmediato, sin embargo, pasa por la reapertura del 11 de julio, que coincidir\u00e1 con la inauguraci\u00f3n en el Teatre-Museu de Figueres de <strong>\u00abDal\u00ed: el surrealismo soy yo\u00bb,<\/strong> exposici\u00f3n temporal que, aprovechando el par\u00f3n expositivo internacional, re\u00fane por primera vez una docena de obras del artista de los fondos de la Fundaci\u00f3n. \u00abTendremos una docena de lienzos de la mejor \u00e9poca daliniana; obras que est\u00e1n en otras salas o que son de las m\u00e1s solicitadas para exposiciones temporales y viajan a menudo\u00bb, ha subrayado Mercad\u00e9.<\/p>\n<p>La exposici\u00f3n quiere ser un aliciente m\u00e1s para intentar atraer al p\u00fablico local a unos museos que, <strong>con m\u00e1s de un mill\u00f3n de entradas vendidas en 2019,<\/strong> vieron el a\u00f1o pasado como aumentaba los visitantes italianos, norteamericanos, holandeses, alemanes, japoneses y coreanos. Este verano, y a falta de turismo internacional, la fundaci\u00f3n buscar\u00e1 la complicidad de las administraciones para cubrir unos aforos reducidos que permitir\u00e1n recibir a 1.176 personas diarias en Figueres, 375 en P\u00fabol y 120 en la casa del pintor en Portlligat.<\/p>\n<p>&nbsp;<\/p>\n<p>Fuente:\u00a0 ABC Cultura<\/p>\n","protected":false},"excerpt":{"rendered":"<p>Diez d\u00edas m\u00e1s y la reapertura hubiese coincidido con el <a href=\"https:\/\/sertv.gob.pa\/crisolfm\/los-museos-dali-reabren-el-11-de-julio-y-preven-perdidas-de-45-millones-de-euros\/\"> [&#8230;]<\/a><\/p>\n","protected":false},"author":64,"featured_media":29325,"comment_status":"closed","ping_status":"closed","sticky":false,"template":"","format":"standard","meta":{"footnotes":""},"categories":[6],"tags":[],"class_list":["post-29324","post","type-post","status-publish","format-standard","has-post-thumbnail","hentry","category-culturales"],"_links":{"self":[{"href":"https:\/\/sertv.gob.pa\/crisolfm\/wp-json\/wp\/v2\/posts\/29324","targetHints":{"allow":["GET"]}}],"collection":[{"href":"https:\/\/sertv.gob.pa\/crisolfm\/wp-json\/wp\/v2\/posts"}],"about":[{"href":"https:\/\/sertv.gob.pa\/crisolfm\/wp-json\/wp\/v2\/types\/post"}],"author":[{"embeddable":true,"href":"https:\/\/sertv.gob.pa\/crisolfm\/wp-json\/wp\/v2\/users\/64"}],"replies":[{"embeddable":true,"href":"https:\/\/sertv.gob.pa\/crisolfm\/wp-json\/wp\/v2\/comments?post=29324"}],"version-history":[{"count":1,"href":"https:\/\/sertv.gob.pa\/crisolfm\/wp-json\/wp\/v2\/posts\/29324\/revisions"}],"predecessor-version":[{"id":29326,"href":"https:\/\/sertv.gob.pa\/crisolfm\/wp-json\/wp\/v2\/posts\/29324\/revisions\/29326"}],"wp:featuredmedia":[{"embeddable":true,"href":"https:\/\/sertv.gob.pa\/crisolfm\/wp-json\/wp\/v2\/media\/29325"}],"wp:attachment":[{"href":"https:\/\/sertv.gob.pa\/crisolfm\/wp-json\/wp\/v2\/media?parent=29324"}],"wp:term":[{"taxonomy":"category","embeddable":true,"href":"https:\/\/sertv.gob.pa\/crisolfm\/wp-json\/wp\/v2\/categories?post=29324"},{"taxonomy":"post_tag","embeddable":true,"href":"https:\/\/sertv.gob.pa\/crisolfm\/wp-json\/wp\/v2\/tags?post=29324"}],"curies":[{"name":"wp","href":"https:\/\/api.w.org\/{rel}","templated":true}]}}