{"id":29331,"date":"2020-06-17T13:25:30","date_gmt":"2020-06-17T13:25:30","guid":{"rendered":"https:\/\/sertv.gob.pa\/crisolfm\/?p=29331"},"modified":"2020-06-17T13:25:30","modified_gmt":"2020-06-17T13:25:30","slug":"jane-fonda-nuevo-fichaje-de-gucci-para-una-coleccion-de-moda-sostenible","status":"publish","type":"post","link":"https:\/\/sertv.gob.pa\/crisolfm\/jane-fonda-nuevo-fichaje-de-gucci-para-una-coleccion-de-moda-sostenible\/","title":{"rendered":"Jane Fonda, nuevo fichaje de Gucci para una colecci\u00f3n de moda sostenible"},"content":{"rendered":"<p>Jane Fonda es la nueva embajadora de la nueva colecci\u00f3n de Gucci dise\u00f1ada con materiales naturales y sostenibles.<\/p>\n<p>La actriz, productora y activista fue detenida a finales del a\u00f1o pasado en varias ocasiones en las escalinatas del Capitolio, en Washington (EEUU), mientras participaba en una protesta contra la crisis clim\u00e1tica, una defensa en la que se encuentra muy involucrada, de ah\u00ed que su imagen tenga un valor a\u00f1adido en esta campa\u00f1a.<\/p>\n<p>La colecci\u00f3n \u00abOff The Grid\u00bb, dise\u00f1ada por Alessandro Michele, director creativo de Gucci, utiliza materiales reciclados, org\u00e1nicos, naturales y sostenibles, incluido econyl, un nylon regenerado hecho de materiales de desecho y desechos pre y post consumo.<\/p>\n<p>En sus redes sociales Michele ha se\u00f1alado que \u00abla colecci\u00f3n est\u00e1 dise\u00f1ada para aquellos preocupados por su impacto en el medio ambiente\u00bb y deja claro que esta es una clara iniciativa para establecer el compromiso de la firma italiana a favor de una \u00abproducci\u00f3n circular\u00bb.<\/p>\n<p>La actriz comenta en Instagram que \u00abla crisis clim\u00e1tica es el tema de nuestro tiempo\u00bb y pide a la sociedad que \u00abexija\u00bb a sus gobiernos que \u00abinviertan en infraestructuras de energ\u00eda limpia\u00bb.<\/p>\n<p>\u00abLos economistas globales est\u00e1n de acuerdo en que es la mejor inversi\u00f3n que podemos hacer, tanto en t\u00e9rminos de beneficios clim\u00e1ticos como de tener el mayor efecto durante estos momentos de pandemia cuando se necesitan tantos empleos\u00bb, indica la actriz.<\/p>\n<p>La campa\u00f1a, de la que no es \u00fanica protagonista, presenta a un grupo de habitantes de la ciudad que han establecido su residencia en una caba\u00f1a r\u00fastica construida en un \u00e1rbol en medio de una gigantesca metr\u00f3polis moderna.<\/p>\n<p>La actriz tiene un amplio historial como activista en defensa de varias causas entre ellas su mensaje en contra de la Guerra de Vietnam, una \u00e9poca en la que lleg\u00f3 a realizar una visita a Han\u00f3i.<\/p>\n<p>La actriz focaliza ahora en el medio ambiente y en su protecci\u00f3n todas sus energ\u00edas. \u00abTodav\u00eda hay tiempo si nos movemos r\u00e1pido y de forma ambiciosa para evitar las peores consecuencias empezando con la transici\u00f3n ahora de combustibles f\u00f3siles a energ\u00eda limpia y renovable\u00bb, dijo durante las manifestaciones de octubre pasado.<\/p>\n<p>&nbsp;<\/p>\n<p>Fuente:\u00a0 EFE<\/p>\n<p>&nbsp;<\/p>\n","protected":false},"excerpt":{"rendered":"<p>Jane Fonda es la nueva embajadora de la nueva colecci\u00f3n <a href=\"https:\/\/sertv.gob.pa\/crisolfm\/jane-fonda-nuevo-fichaje-de-gucci-para-una-coleccion-de-moda-sostenible\/\"> [&#8230;]<\/a><\/p>\n","protected":false},"author":64,"featured_media":29332,"comment_status":"closed","ping_status":"closed","sticky":false,"template":"","format":"standard","meta":{"footnotes":""},"categories":[7],"tags":[],"class_list":["post-29331","post","type-post","status-publish","format-standard","has-post-thumbnail","hentry","category-ecologicas"],"_links":{"self":[{"href":"https:\/\/sertv.gob.pa\/crisolfm\/wp-json\/wp\/v2\/posts\/29331","targetHints":{"allow":["GET"]}}],"collection":[{"href":"https:\/\/sertv.gob.pa\/crisolfm\/wp-json\/wp\/v2\/posts"}],"about":[{"href":"https:\/\/sertv.gob.pa\/crisolfm\/wp-json\/wp\/v2\/types\/post"}],"author":[{"embeddable":true,"href":"https:\/\/sertv.gob.pa\/crisolfm\/wp-json\/wp\/v2\/users\/64"}],"replies":[{"embeddable":true,"href":"https:\/\/sertv.gob.pa\/crisolfm\/wp-json\/wp\/v2\/comments?post=29331"}],"version-history":[{"count":1,"href":"https:\/\/sertv.gob.pa\/crisolfm\/wp-json\/wp\/v2\/posts\/29331\/revisions"}],"predecessor-version":[{"id":29333,"href":"https:\/\/sertv.gob.pa\/crisolfm\/wp-json\/wp\/v2\/posts\/29331\/revisions\/29333"}],"wp:featuredmedia":[{"embeddable":true,"href":"https:\/\/sertv.gob.pa\/crisolfm\/wp-json\/wp\/v2\/media\/29332"}],"wp:attachment":[{"href":"https:\/\/sertv.gob.pa\/crisolfm\/wp-json\/wp\/v2\/media?parent=29331"}],"wp:term":[{"taxonomy":"category","embeddable":true,"href":"https:\/\/sertv.gob.pa\/crisolfm\/wp-json\/wp\/v2\/categories?post=29331"},{"taxonomy":"post_tag","embeddable":true,"href":"https:\/\/sertv.gob.pa\/crisolfm\/wp-json\/wp\/v2\/tags?post=29331"}],"curies":[{"name":"wp","href":"https:\/\/api.w.org\/{rel}","templated":true}]}}