{"id":29348,"date":"2020-06-17T15:17:18","date_gmt":"2020-06-17T15:17:18","guid":{"rendered":"https:\/\/sertv.gob.pa\/crisolfm\/?p=29348"},"modified":"2020-06-17T15:17:18","modified_gmt":"2020-06-17T15:17:18","slug":"primera-feria-virtual-de-artes-plasticas-registra-record-de-asistencia","status":"publish","type":"post","link":"https:\/\/sertv.gob.pa\/crisolfm\/primera-feria-virtual-de-artes-plasticas-registra-record-de-asistencia\/","title":{"rendered":"Primera feria virtual de artes pl\u00e1sticas registra r\u00e9cord de asistencia"},"content":{"rendered":"<p>La innovaci\u00f3n y la creatividad, unidas con el apoyo de la tecnolog\u00eda, quedaron fusionados durante la primera versi\u00f3n de la Feria Nacional Virtual de Artistas Visuales, actividad que convoc\u00f3 a 3,622 asistentes en una iniciativa que organiz\u00f3 el s\u00e1bado 13 y el domingo 14 de junio el Ministerio de Cultura (MiCultura)\u00a0a trav\u00e9s de la Direcci\u00f3n Nacional de Las Artes.<\/p>\n<p>El Ministro de Cultura, Carlos Aguilar, coment\u00f3 que la idea era democratizar la cultura fuera de los marcos convencionales del mercado tradicional y llevarlo al moderno \u00e1mbito virtual.<\/p>\n<p>La situaci\u00f3n del coronavirus invit\u00f3 al Ministerio de Cultura a encontrar una salida distinta en materia de consumo cultural, y dej\u00f3 en evidencia que existe una interesante interacci\u00f3n entre la tecnolog\u00eda y las artes, a\u00f1adi\u00f3 Carlos Aguilar.<\/p>\n<p>Al llevar pinturas, fotograf\u00edas y esculturas a todos los espacios donde llega la era digital represent\u00f3 que 120 creadores paname\u00f1os tuvieran acceso a compartir y comercializar sus obras desde la seguridad de sus residencias y encontraron en el Ministerio de Cultura un medio facilitador y un aliado, anot\u00f3 Daniel Dom\u00ednguez, director Nacional de las Artes.<\/p>\n<p>\u201cLa meta era brindar un enfoque renovar y actual al concepto de artes visuales y que los artistas nacionales vean los medios tecnol\u00f3gicos a su alcance como una manera excelente para compartir y promocionar su arte\u201d, dijo Ligia M\u00e9ndez, responsable de la galer\u00eda de arte Juan Manuel Cede\u00f1o de MiCultura.<\/p>\n<p>Si las visitas mensuales presenciales\u00a0en la Galer\u00eda Juan Manuel Cede\u00f1o rondan las 500 personas, significa que 3,622 visitas en 48 horas equivalen a 7 meses de asistencia f\u00edsica en la Galer\u00eda Juan Manuel Cede\u00f1o, resalt\u00f3 Daniel Dom\u00ednguez.<\/p>\n<p>En esta feria participaron profesores y estudiantes de las Escuelas de Educaci\u00f3n Art\u00edstica de MiCultura, artistas con discapacidad, miembros de la Asociaci\u00f3n Paname\u00f1a de Artistas Pl\u00e1sticos y creadores independientes.<\/p>\n<p>Se cont\u00f3 con obras de artistas provenientes de las provincias de Panam\u00e1, Panam\u00e1 Oeste, Veraguas, Chiriqu\u00ed, Bocas del Toro, Dari\u00e9n, Herrera, Col\u00f3n, Guna Yala, Cocl\u00e9 y Los Santos.<\/p>\n<p>&nbsp;<\/p>\n<p>Fuente:\u00a0 MiCultura<\/p>\n","protected":false},"excerpt":{"rendered":"<p>La innovaci\u00f3n y la creatividad, unidas con el apoyo de <a href=\"https:\/\/sertv.gob.pa\/crisolfm\/primera-feria-virtual-de-artes-plasticas-registra-record-de-asistencia\/\"> [&#8230;]<\/a><\/p>\n","protected":false},"author":64,"featured_media":29349,"comment_status":"closed","ping_status":"closed","sticky":false,"template":"","format":"standard","meta":{"footnotes":""},"categories":[6],"tags":[],"class_list":["post-29348","post","type-post","status-publish","format-standard","has-post-thumbnail","hentry","category-culturales"],"_links":{"self":[{"href":"https:\/\/sertv.gob.pa\/crisolfm\/wp-json\/wp\/v2\/posts\/29348","targetHints":{"allow":["GET"]}}],"collection":[{"href":"https:\/\/sertv.gob.pa\/crisolfm\/wp-json\/wp\/v2\/posts"}],"about":[{"href":"https:\/\/sertv.gob.pa\/crisolfm\/wp-json\/wp\/v2\/types\/post"}],"author":[{"embeddable":true,"href":"https:\/\/sertv.gob.pa\/crisolfm\/wp-json\/wp\/v2\/users\/64"}],"replies":[{"embeddable":true,"href":"https:\/\/sertv.gob.pa\/crisolfm\/wp-json\/wp\/v2\/comments?post=29348"}],"version-history":[{"count":1,"href":"https:\/\/sertv.gob.pa\/crisolfm\/wp-json\/wp\/v2\/posts\/29348\/revisions"}],"predecessor-version":[{"id":29350,"href":"https:\/\/sertv.gob.pa\/crisolfm\/wp-json\/wp\/v2\/posts\/29348\/revisions\/29350"}],"wp:featuredmedia":[{"embeddable":true,"href":"https:\/\/sertv.gob.pa\/crisolfm\/wp-json\/wp\/v2\/media\/29349"}],"wp:attachment":[{"href":"https:\/\/sertv.gob.pa\/crisolfm\/wp-json\/wp\/v2\/media?parent=29348"}],"wp:term":[{"taxonomy":"category","embeddable":true,"href":"https:\/\/sertv.gob.pa\/crisolfm\/wp-json\/wp\/v2\/categories?post=29348"},{"taxonomy":"post_tag","embeddable":true,"href":"https:\/\/sertv.gob.pa\/crisolfm\/wp-json\/wp\/v2\/tags?post=29348"}],"curies":[{"name":"wp","href":"https:\/\/api.w.org\/{rel}","templated":true}]}}