{"id":29354,"date":"2020-06-17T16:26:57","date_gmt":"2020-06-17T16:26:57","guid":{"rendered":"https:\/\/sertv.gob.pa\/crisolfm\/?p=29354"},"modified":"2020-06-17T16:26:57","modified_gmt":"2020-06-17T16:26:57","slug":"inicio-de-obras-de-reconstruccion-de-notre-dame-previsto-para-2021","status":"publish","type":"post","link":"https:\/\/sertv.gob.pa\/crisolfm\/inicio-de-obras-de-reconstruccion-de-notre-dame-previsto-para-2021\/","title":{"rendered":"Inicio de obras de reconstrucci\u00f3n de Notre Dame previsto para 2021"},"content":{"rendered":"<p>Las obras de reconstrucci\u00f3n de la catedral Notre Dame de Par\u00eds, destruida parcialmente en un incendio en 2019, podr\u00edan iniciar en enero de 2021, una vez que se termine de consolidar el edificio, afirm\u00f3 el martes el arzobispo de Par\u00eds, Michel Aupetit.<\/p>\n<p>\u00abEstamos terminando la consolidaci\u00f3n. Creemos que podremos empezar las obras en enero de 2021\u00bb, dijo monse\u00f1or Aupetit a la prensa, en un acto en el que tambi\u00e9n estaba presente Jean-Louis Georgelin, jefe de operaciones para la reconstrucci\u00f3n de esta joya del arte g\u00f3tico.<\/p>\n<p>Las obras de restauraci\u00f3n de Notre Dame, uno de los s\u00edmbolos de Par\u00eds y el segundo monumento hist\u00f3rico m\u00e1s visitado de Europa, han sido interrumpidas en varias ocasiones, debido a la intemperie, al peligro de una contaminaci\u00f3n con plomo y a la epidemia del coronavirus.<\/p>\n<p>Las obras de consolidaci\u00f3n se retomaron a finales de abril.<\/p>\n<p>La conmoci\u00f3n planetaria suscitada por el incendio llev\u00f3 a grandes mecenas y a miles de individuos a prometer m\u00e1s de 900 millones de euros (1.016 millones de d\u00f3lares) para su reconstrucci\u00f3n.<\/p>\n<p>El presidente Emmanuel Macron asegur\u00f3 que esta terminar\u00eda en 2024.<\/p>\n<p>Por ahora, se desconoce c\u00f3mo ser\u00e1 la catedral restaurada.<\/p>\n<p>&nbsp;<\/p>\n<p>Fuente:\u00a0 AFP<\/p>\n","protected":false},"excerpt":{"rendered":"<p>Las obras de reconstrucci\u00f3n de la catedral Notre Dame de <a href=\"https:\/\/sertv.gob.pa\/crisolfm\/inicio-de-obras-de-reconstruccion-de-notre-dame-previsto-para-2021\/\"> [&#8230;]<\/a><\/p>\n","protected":false},"author":64,"featured_media":29356,"comment_status":"closed","ping_status":"closed","sticky":false,"template":"","format":"standard","meta":{"footnotes":""},"categories":[6],"tags":[],"class_list":["post-29354","post","type-post","status-publish","format-standard","has-post-thumbnail","hentry","category-culturales"],"_links":{"self":[{"href":"https:\/\/sertv.gob.pa\/crisolfm\/wp-json\/wp\/v2\/posts\/29354","targetHints":{"allow":["GET"]}}],"collection":[{"href":"https:\/\/sertv.gob.pa\/crisolfm\/wp-json\/wp\/v2\/posts"}],"about":[{"href":"https:\/\/sertv.gob.pa\/crisolfm\/wp-json\/wp\/v2\/types\/post"}],"author":[{"embeddable":true,"href":"https:\/\/sertv.gob.pa\/crisolfm\/wp-json\/wp\/v2\/users\/64"}],"replies":[{"embeddable":true,"href":"https:\/\/sertv.gob.pa\/crisolfm\/wp-json\/wp\/v2\/comments?post=29354"}],"version-history":[{"count":1,"href":"https:\/\/sertv.gob.pa\/crisolfm\/wp-json\/wp\/v2\/posts\/29354\/revisions"}],"predecessor-version":[{"id":29357,"href":"https:\/\/sertv.gob.pa\/crisolfm\/wp-json\/wp\/v2\/posts\/29354\/revisions\/29357"}],"wp:featuredmedia":[{"embeddable":true,"href":"https:\/\/sertv.gob.pa\/crisolfm\/wp-json\/wp\/v2\/media\/29356"}],"wp:attachment":[{"href":"https:\/\/sertv.gob.pa\/crisolfm\/wp-json\/wp\/v2\/media?parent=29354"}],"wp:term":[{"taxonomy":"category","embeddable":true,"href":"https:\/\/sertv.gob.pa\/crisolfm\/wp-json\/wp\/v2\/categories?post=29354"},{"taxonomy":"post_tag","embeddable":true,"href":"https:\/\/sertv.gob.pa\/crisolfm\/wp-json\/wp\/v2\/tags?post=29354"}],"curies":[{"name":"wp","href":"https:\/\/api.w.org\/{rel}","templated":true}]}}