{"id":29358,"date":"2020-06-17T17:07:40","date_gmt":"2020-06-17T17:07:40","guid":{"rendered":"https:\/\/sertv.gob.pa\/crisolfm\/?p=29358"},"modified":"2020-06-17T17:07:40","modified_gmt":"2020-06-17T17:07:40","slug":"de-cara-al-poximo-dia-nacional-de-la-reforestacion-el-secretario-general-de-miambiente-visita-vivero-en-chilibre","status":"publish","type":"post","link":"https:\/\/sertv.gob.pa\/crisolfm\/de-cara-al-poximo-dia-nacional-de-la-reforestacion-el-secretario-general-de-miambiente-visita-vivero-en-chilibre\/","title":{"rendered":"De cara al p\u00f3ximo d\u00eda nacional de la reforestaci\u00f3n, el secretario general de MiAmbiente visita vivero en Chilibre"},"content":{"rendered":"<p>Como parte de una estrategia para la coordinaci\u00f3n del trabajo de la Direcciones Regionales a nivel nacional, el secretario General de MiAmbiente, Jair Urriola,\u00a0efectu\u00f3 una visita a la Direcci\u00f3n Regional de Panam\u00e1 Norte.<\/p>\n<p>La visita permiti\u00f3 a Urriola conocer, por parte del director regional, Santiago Guerrero, el trabajo que lleva adelante \u00e9sta regional que abarca parte de la provincia de Panam\u00e1, y que posee amplias zonas boscosas,\u00a0muy pr\u00f3ximas a centros de alta densidad de poblaci\u00f3n.<\/p>\n<p>El\u00a0Secretario igualmente visit\u00f3 y supervis\u00f3 la labor realizada en el vivero que mantiene la entidad en el sector de Chilibre, que tiene gran importancia en la tarea permanente de reforestaci\u00f3n y que cobrar\u00e1 notoriedad los pr\u00f3ximos d\u00edas en los que se prepara la celebraci\u00f3n del D\u00eda Nacional de la Reforestaci\u00f3n.<\/p>\n<p>Este vivero, uno de los m\u00e1s pr\u00f3ximos a la ciudad capital, provee plantones para el trabajo de reforestaci\u00f3n de \u00e1reas metropolitanas en las que se busca recuperar cobertura boscosa.<\/p>\n<p>&nbsp;<\/p>\n<p>Fuente:\u00a0 MiAmbiente<\/p>\n","protected":false},"excerpt":{"rendered":"<p>Como parte de una estrategia para la coordinaci\u00f3n del trabajo <a href=\"https:\/\/sertv.gob.pa\/crisolfm\/de-cara-al-poximo-dia-nacional-de-la-reforestacion-el-secretario-general-de-miambiente-visita-vivero-en-chilibre\/\"> [&#8230;]<\/a><\/p>\n","protected":false},"author":64,"featured_media":29359,"comment_status":"closed","ping_status":"closed","sticky":false,"template":"","format":"standard","meta":{"footnotes":""},"categories":[7],"tags":[],"class_list":["post-29358","post","type-post","status-publish","format-standard","has-post-thumbnail","hentry","category-ecologicas"],"_links":{"self":[{"href":"https:\/\/sertv.gob.pa\/crisolfm\/wp-json\/wp\/v2\/posts\/29358","targetHints":{"allow":["GET"]}}],"collection":[{"href":"https:\/\/sertv.gob.pa\/crisolfm\/wp-json\/wp\/v2\/posts"}],"about":[{"href":"https:\/\/sertv.gob.pa\/crisolfm\/wp-json\/wp\/v2\/types\/post"}],"author":[{"embeddable":true,"href":"https:\/\/sertv.gob.pa\/crisolfm\/wp-json\/wp\/v2\/users\/64"}],"replies":[{"embeddable":true,"href":"https:\/\/sertv.gob.pa\/crisolfm\/wp-json\/wp\/v2\/comments?post=29358"}],"version-history":[{"count":1,"href":"https:\/\/sertv.gob.pa\/crisolfm\/wp-json\/wp\/v2\/posts\/29358\/revisions"}],"predecessor-version":[{"id":29360,"href":"https:\/\/sertv.gob.pa\/crisolfm\/wp-json\/wp\/v2\/posts\/29358\/revisions\/29360"}],"wp:featuredmedia":[{"embeddable":true,"href":"https:\/\/sertv.gob.pa\/crisolfm\/wp-json\/wp\/v2\/media\/29359"}],"wp:attachment":[{"href":"https:\/\/sertv.gob.pa\/crisolfm\/wp-json\/wp\/v2\/media?parent=29358"}],"wp:term":[{"taxonomy":"category","embeddable":true,"href":"https:\/\/sertv.gob.pa\/crisolfm\/wp-json\/wp\/v2\/categories?post=29358"},{"taxonomy":"post_tag","embeddable":true,"href":"https:\/\/sertv.gob.pa\/crisolfm\/wp-json\/wp\/v2\/tags?post=29358"}],"curies":[{"name":"wp","href":"https:\/\/api.w.org\/{rel}","templated":true}]}}