{"id":29364,"date":"2020-06-17T17:56:53","date_gmt":"2020-06-17T17:56:53","guid":{"rendered":"https:\/\/sertv.gob.pa\/crisolfm\/?p=29364"},"modified":"2020-06-17T17:56:53","modified_gmt":"2020-06-17T17:56:53","slug":"mas-de-4-000-millones-de-personas-expuestas-a-la-contaminacion","status":"publish","type":"post","link":"https:\/\/sertv.gob.pa\/crisolfm\/mas-de-4-000-millones-de-personas-expuestas-a-la-contaminacion\/","title":{"rendered":"M\u00e1s de 4.000 millones de personas expuestas a la contaminaci\u00f3n"},"content":{"rendered":"<p>Un estudio llevado a cabo por investigadores de la Universidad de Exeter (Reino Unido) ha puesto de manifiesto que la mitad de la poblaci\u00f3n mundial est\u00e1 expuesta a <strong>un aumento de la contaminaci\u00f3n<\/strong>, a pesar de los esfuerzos que se est\u00e1n realizando para mejorar la calidad del aire.<\/p>\n<p>\u00abSi bien se ha demostrado que las pol\u00edticas a largo plazo para reducir <strong>la contaminaci\u00f3n atmosf\u00e9rica<\/strong> son eficaces en muchas regiones, especialmente en Europa y los Estados Unidos, todav\u00eda hay regiones que tienen niveles peligrosamente altos de contaminaci\u00f3n atmosf\u00e9rica, algunos hasta cinco veces superiores a las directrices de la Organizaci\u00f3n Mundial de la Salud\u00bb, han comentado los investigadores.<\/p>\n<p>De hecho, el organismo de Naciones Unidas ha estimado que m\u00e1s de cuatro millones de muertes anuales pueden atribuirse a la contaminaci\u00f3n del aire exterior. Entre las principales fuentes de contaminaci\u00f3n atmosf\u00e9rica por part\u00edculas finas figuran el uso ineficiente de la energ\u00eda por parte de los hogares, la industria, los sectores de la agricultura y el transporte y las centrales el\u00e9ctricas de carb\u00f3n.<\/p>\n<p>Asimismo, en algunas regiones, la arena y el polvo del desierto, la quema de desechos y la deforestaci\u00f3n son fuentes adicionales de contaminaci\u00f3n atmosf\u00e9rica. En este sentido, los expertos han recordado que aunque <strong>la contaminaci\u00f3n atmosf\u00e9rica<\/strong> afecta por igual a los pa\u00edses de ingresos altos y a los de ingresos bajos, los pa\u00edses de ingresos bajos y medios son los que m\u00e1s sufren, y las mayores concentraciones se observan en el Asia central, oriental meridional y sudoriental.<\/p>\n<p>Para analizar todo este escenario, el equipo de investigaci\u00f3n examin\u00f3 las tendencias de la calidad del aire mundial entre 2010 y 2016, en un contexto de esfuerzos mundiales para reducir la contaminaci\u00f3n del aire, tanto a trav\u00e9s de pol\u00edticas a corto como a largo plazo.<\/p>\n<p>El equipo utiliz\u00f3 datos de vigilancia terrestre junto con informaci\u00f3n de recuperaciones satelitales de la profundidad \u00f3ptica de los aerosoles, modelos de transporte qu\u00edmico y otras fuentes para proporcionar perfiles anuales de la calidad del aire de los distintos pa\u00edses, regiones y a nivel mundial.<\/p>\n<p>&nbsp;<\/p>\n<p>Fuente:\u00a0\u00a0 ECOticias<\/p>\n","protected":false},"excerpt":{"rendered":"<p>Un estudio llevado a cabo por investigadores de la Universidad <a href=\"https:\/\/sertv.gob.pa\/crisolfm\/mas-de-4-000-millones-de-personas-expuestas-a-la-contaminacion\/\"> [&#8230;]<\/a><\/p>\n","protected":false},"author":64,"featured_media":29365,"comment_status":"closed","ping_status":"closed","sticky":false,"template":"","format":"standard","meta":{"footnotes":""},"categories":[7],"tags":[],"class_list":["post-29364","post","type-post","status-publish","format-standard","has-post-thumbnail","hentry","category-ecologicas"],"_links":{"self":[{"href":"https:\/\/sertv.gob.pa\/crisolfm\/wp-json\/wp\/v2\/posts\/29364","targetHints":{"allow":["GET"]}}],"collection":[{"href":"https:\/\/sertv.gob.pa\/crisolfm\/wp-json\/wp\/v2\/posts"}],"about":[{"href":"https:\/\/sertv.gob.pa\/crisolfm\/wp-json\/wp\/v2\/types\/post"}],"author":[{"embeddable":true,"href":"https:\/\/sertv.gob.pa\/crisolfm\/wp-json\/wp\/v2\/users\/64"}],"replies":[{"embeddable":true,"href":"https:\/\/sertv.gob.pa\/crisolfm\/wp-json\/wp\/v2\/comments?post=29364"}],"version-history":[{"count":1,"href":"https:\/\/sertv.gob.pa\/crisolfm\/wp-json\/wp\/v2\/posts\/29364\/revisions"}],"predecessor-version":[{"id":29366,"href":"https:\/\/sertv.gob.pa\/crisolfm\/wp-json\/wp\/v2\/posts\/29364\/revisions\/29366"}],"wp:featuredmedia":[{"embeddable":true,"href":"https:\/\/sertv.gob.pa\/crisolfm\/wp-json\/wp\/v2\/media\/29365"}],"wp:attachment":[{"href":"https:\/\/sertv.gob.pa\/crisolfm\/wp-json\/wp\/v2\/media?parent=29364"}],"wp:term":[{"taxonomy":"category","embeddable":true,"href":"https:\/\/sertv.gob.pa\/crisolfm\/wp-json\/wp\/v2\/categories?post=29364"},{"taxonomy":"post_tag","embeddable":true,"href":"https:\/\/sertv.gob.pa\/crisolfm\/wp-json\/wp\/v2\/tags?post=29364"}],"curies":[{"name":"wp","href":"https:\/\/api.w.org\/{rel}","templated":true}]}}