{"id":29390,"date":"2020-06-18T14:53:37","date_gmt":"2020-06-18T14:53:37","guid":{"rendered":"https:\/\/sertv.gob.pa\/crisolfm\/?p=29390"},"modified":"2020-06-18T14:54:01","modified_gmt":"2020-06-18T14:54:01","slug":"compra-carta-de-vincent-van-gogh-y-paul-gauguin","status":"publish","type":"post","link":"https:\/\/sertv.gob.pa\/crisolfm\/compra-carta-de-vincent-van-gogh-y-paul-gauguin\/","title":{"rendered":"Compran carta de Vincent Van Gogh y Paul Gauguin"},"content":{"rendered":"<p>El Museo Van Gogh de \u00c1msterdam compr\u00f3 una carta conjunta enviada en noviembre de 1888 por Vincent Van Gogh y Paul Gauguin a su amigo \u00c9mile Bernard en la que reflexionan sobre su experiencia art\u00edstica, inform\u00f3 ayer la pinacoteca sobre el documento m\u00e1s significativo del pintor neerland\u00e9s a\u00fan en manos privadas.<\/p>\n<p>La singular misiva, que se suma a la colecci\u00f3n del Museo Van Gogh y se mostrar\u00e1 en la exposici\u00f3n de este oto\u00f1o centrada en las cartas del pintor, fue subastada este martes en Par\u00eds por la casa Drouot por 210,600 euros (unos 236,500 d\u00f3lares) y fue adquirida oficialmente por la Fundaci\u00f3n Vincent van Gogh, dedicada a proteger el legado del artista.<\/p>\n<p>Van Gogh y Gauguin, dos de los artistas m\u00e1s importantes del siglo XIX, relatan a su amigo su estad\u00eda conjunta en la Casa Amarilla de Arles, en el sur de Francia, un periodo muy intenso para ambos durante el cual vivieron y trabajaron juntos en una visi\u00f3n \u201cde arte moderno, adem\u00e1s de considerar cu\u00e1l ser\u00e1 su lugar en el futuro\u201d, escribe el museo.<\/p>\n<p>&nbsp;<\/p>\n<p>Fuente:\u00a0 AFP<\/p>\n","protected":false},"excerpt":{"rendered":"<p>El Museo Van Gogh de \u00c1msterdam compr\u00f3 una carta conjunta <a href=\"https:\/\/sertv.gob.pa\/crisolfm\/compra-carta-de-vincent-van-gogh-y-paul-gauguin\/\"> [&#8230;]<\/a><\/p>\n","protected":false},"author":64,"featured_media":29391,"comment_status":"closed","ping_status":"closed","sticky":false,"template":"","format":"standard","meta":{"footnotes":""},"categories":[6],"tags":[],"class_list":["post-29390","post","type-post","status-publish","format-standard","has-post-thumbnail","hentry","category-culturales"],"_links":{"self":[{"href":"https:\/\/sertv.gob.pa\/crisolfm\/wp-json\/wp\/v2\/posts\/29390","targetHints":{"allow":["GET"]}}],"collection":[{"href":"https:\/\/sertv.gob.pa\/crisolfm\/wp-json\/wp\/v2\/posts"}],"about":[{"href":"https:\/\/sertv.gob.pa\/crisolfm\/wp-json\/wp\/v2\/types\/post"}],"author":[{"embeddable":true,"href":"https:\/\/sertv.gob.pa\/crisolfm\/wp-json\/wp\/v2\/users\/64"}],"replies":[{"embeddable":true,"href":"https:\/\/sertv.gob.pa\/crisolfm\/wp-json\/wp\/v2\/comments?post=29390"}],"version-history":[{"count":2,"href":"https:\/\/sertv.gob.pa\/crisolfm\/wp-json\/wp\/v2\/posts\/29390\/revisions"}],"predecessor-version":[{"id":29393,"href":"https:\/\/sertv.gob.pa\/crisolfm\/wp-json\/wp\/v2\/posts\/29390\/revisions\/29393"}],"wp:featuredmedia":[{"embeddable":true,"href":"https:\/\/sertv.gob.pa\/crisolfm\/wp-json\/wp\/v2\/media\/29391"}],"wp:attachment":[{"href":"https:\/\/sertv.gob.pa\/crisolfm\/wp-json\/wp\/v2\/media?parent=29390"}],"wp:term":[{"taxonomy":"category","embeddable":true,"href":"https:\/\/sertv.gob.pa\/crisolfm\/wp-json\/wp\/v2\/categories?post=29390"},{"taxonomy":"post_tag","embeddable":true,"href":"https:\/\/sertv.gob.pa\/crisolfm\/wp-json\/wp\/v2\/tags?post=29390"}],"curies":[{"name":"wp","href":"https:\/\/api.w.org\/{rel}","templated":true}]}}