{"id":29397,"date":"2020-06-18T15:56:33","date_gmt":"2020-06-18T15:56:33","guid":{"rendered":"https:\/\/sertv.gob.pa\/crisolfm\/?p=29397"},"modified":"2020-06-18T15:56:33","modified_gmt":"2020-06-18T15:56:33","slug":"muere-a-los-28-anos-la-estrella-del-k-pop-yohan","status":"publish","type":"post","link":"https:\/\/sertv.gob.pa\/crisolfm\/muere-a-los-28-anos-la-estrella-del-k-pop-yohan\/","title":{"rendered":"Muere a los 28 a\u00f1os la estrella del K-Pop Yohan"},"content":{"rendered":"<p>Kim Jeong-hwan, conocido como <strong>Yohan<\/strong> e integrante de la banda de K-Pop ha <strong>fallecido a los 28 a\u00f1os<\/strong>. As\u00ed lo ha<strong> confirmado su discogr\u00e1fica<\/strong>, KJ Entertaiment, que ha dado a conocer la triste noticia a trav\u00e9s de un comunicado.<\/p>\n<p>\u00abEstamos compungidos al tener que comunicar la m\u00e1s desafortunada de las noticias. El <strong>16 de junio, <\/strong>Yohan, miembro de <strong>TST<\/strong>, <strong>ha dejado este mundo<\/strong>. La familia de Yohan est\u00e1 de luto\u00bb, apuntaba el texto, de acuerdo con The Guardian.<\/p>\n<p>La <strong>causa de la muerte no ha trascendido<\/strong>, pero su fallecimiento agranda las terribles cifras de <strong>tr\u00e1gicas p\u00e9rdidas de j\u00f3venes estrellas <\/strong>del exigente <a href=\"https:\/\/www.abc.es\/cultura\/musica\/abci-coronavirus-frena-seco-conquista-mundial-k-pop-202002180001_noticia.html\" target=\"_blank\" rel=\"noopener\">mundo del K-Pop<\/a>.<\/p>\n<p>En 2015 <strong>Ahn So-jin<\/strong> muri\u00f3 despu\u00e9s de<strong> caer del d\u00e9cimo piso <\/strong>de un edificio. <strong>Kim Jong-hyun<\/strong>, miembro de la banda SHINee, <a href=\"https:\/\/www.abc.es\/cultura\/musica\/abci-muerte-idolo-jonghyun-invoca-fantasma-suicidio-corea-201712221050_noticia.html\" target=\"_blank\" rel=\"noopener\">se <strong>suicid\u00f3 en 2017<\/strong><\/a>, mientras que <a href=\"https:\/\/www.abc.es\/cultura\/musica\/abci-hallan-muerta-ha-ra-estrella-coreana-k-pop-201911241727_noticia.html\" target=\"_blank\" rel=\"noopener\">Goo Hara <\/a>y Sulli, dos cantantes y actrices pertenecientes a bandas de chicas, se quitaron la vida con seis semanas de diferencia en 2019, tras haber sufrido objeto de graves ataques en internet. En diciembre, <a href=\"https:\/\/www.abc.es\/cultura\/musica\/abci-encuentran-muerto-actor-y-excantante-k-pop-in-ha-27-anos-201912031343_noticia.html\" target=\"_blank\" rel=\"noopener\">Cha In Ha<\/a>, otro cantante que tambi\u00e9n ten\u00eda una prometedora carrera como actriz, muri\u00f3 repentinamente a los 27 a\u00f1os, sin que <strong>trascendieran los motivos de su fallecimiento.<\/strong><\/p>\n<p>Yohan entr\u00f3 en la escena K-Pop en 2013 con el grupo NOM (No Other Man), y en 2017 se uni\u00f3 al grupo TST, que alcanz\u00f3 el Top 30 de Corea del Sur con sus EP \u00abTime\u2019s Up\u00bb y \u00abWake Up\u00bb.<\/p>\n<p>&nbsp;<\/p>\n<p>Fuente:\u00a0\u00a0 ABC Cultura<\/p>\n<p>&nbsp;<\/p>\n","protected":false},"excerpt":{"rendered":"<p>Kim Jeong-hwan, conocido como Yohan e integrante de la banda <a href=\"https:\/\/sertv.gob.pa\/crisolfm\/muere-a-los-28-anos-la-estrella-del-k-pop-yohan\/\"> [&#8230;]<\/a><\/p>\n","protected":false},"author":64,"featured_media":29398,"comment_status":"closed","ping_status":"closed","sticky":false,"template":"","format":"standard","meta":{"footnotes":""},"categories":[6],"tags":[],"class_list":["post-29397","post","type-post","status-publish","format-standard","has-post-thumbnail","hentry","category-culturales"],"_links":{"self":[{"href":"https:\/\/sertv.gob.pa\/crisolfm\/wp-json\/wp\/v2\/posts\/29397","targetHints":{"allow":["GET"]}}],"collection":[{"href":"https:\/\/sertv.gob.pa\/crisolfm\/wp-json\/wp\/v2\/posts"}],"about":[{"href":"https:\/\/sertv.gob.pa\/crisolfm\/wp-json\/wp\/v2\/types\/post"}],"author":[{"embeddable":true,"href":"https:\/\/sertv.gob.pa\/crisolfm\/wp-json\/wp\/v2\/users\/64"}],"replies":[{"embeddable":true,"href":"https:\/\/sertv.gob.pa\/crisolfm\/wp-json\/wp\/v2\/comments?post=29397"}],"version-history":[{"count":1,"href":"https:\/\/sertv.gob.pa\/crisolfm\/wp-json\/wp\/v2\/posts\/29397\/revisions"}],"predecessor-version":[{"id":29399,"href":"https:\/\/sertv.gob.pa\/crisolfm\/wp-json\/wp\/v2\/posts\/29397\/revisions\/29399"}],"wp:featuredmedia":[{"embeddable":true,"href":"https:\/\/sertv.gob.pa\/crisolfm\/wp-json\/wp\/v2\/media\/29398"}],"wp:attachment":[{"href":"https:\/\/sertv.gob.pa\/crisolfm\/wp-json\/wp\/v2\/media?parent=29397"}],"wp:term":[{"taxonomy":"category","embeddable":true,"href":"https:\/\/sertv.gob.pa\/crisolfm\/wp-json\/wp\/v2\/categories?post=29397"},{"taxonomy":"post_tag","embeddable":true,"href":"https:\/\/sertv.gob.pa\/crisolfm\/wp-json\/wp\/v2\/tags?post=29397"}],"curies":[{"name":"wp","href":"https:\/\/api.w.org\/{rel}","templated":true}]}}