{"id":29404,"date":"2020-06-18T16:53:33","date_gmt":"2020-06-18T16:53:33","guid":{"rendered":"https:\/\/sertv.gob.pa\/crisolfm\/?p=29404"},"modified":"2020-06-18T16:53:33","modified_gmt":"2020-06-18T16:53:33","slug":"vera-lynn-la-legendaria-cantante-del-himno-a-la-esperanza-de-la-ii-guerra-mundial-fallece-a-los-103-anos","status":"publish","type":"post","link":"https:\/\/sertv.gob.pa\/crisolfm\/vera-lynn-la-legendaria-cantante-del-himno-a-la-esperanza-de-la-ii-guerra-mundial-fallece-a-los-103-anos\/","title":{"rendered":"Vera Lynn, la legendaria cantante del himno a la esperanza de la II Guerra Mundial, fallece a los 103 a\u00f1os"},"content":{"rendered":"<p><strong>Vera Lynn<\/strong>, cuya canci\u00f3n \u00abWe&#8217;ll meet again\u00bb se convirti\u00f3 en un himno de<strong> esperanza y resistencia <\/strong>durante la <a href=\"https:\/\/www.abc.es\/archivo\/abci-nazi-albert-speer-exministro-hitler-consegui-impedir-plan-tierra-quemada-y-orgullo-202006160139_noticia.html\" target=\"_blank\" rel=\"noopener\">Segunda Guerra Mundial<\/a> y que ha vuelto a salir a la luz durante el confinamiento, ha muerto a los 103 a\u00f1os.<\/p>\n<p>Su<strong> familia<\/strong> ha afirmado que estaba \u00abprofundamente triste de anunciar el fallecimiento de una de las <strong>artistas m\u00e1s queridas de Gran Breta\u00f1a<\/strong>\u00bb, y que hab\u00eda perdido la vida en su casa de East Sussex <strong>rodeada de sus seres queridos<\/strong>, de acuerdo con The Guardian.<\/p>\n<p>En marzo, justo antes de celebrar sus 103 cumplea\u00f1os y en medio de la nueva pandemia de <a href=\"https:\/\/www.abc.es\/sociedad\/abci-coronavirus-espana-directo-pekin-suma-21-nuevos-casos-covid-19-diez-menos-anterior-202006180620_directo.html\" target=\"_blank\" rel=\"noopener\">coronavirus<\/a>, Vera Lynn hab\u00eda alentado a la poblaci\u00f3n a encontrar \u00abel <strong>mismo esp\u00edritu <\/strong>que cruz\u00f3 <strong>nuestra guerra<\/strong>\u00bb, seg\u00fan AFP.<\/p>\n<p>La <strong>reina Isabel II <\/strong>le hab\u00eda cogido prestado el t\u00edtulo de su famosa canci\u00f3n, destinada a elevar la moral de las tropas durante la contienda, en su <strong>discurso del 5 de abril <\/strong>con la intenci\u00f3n de <strong>infundir esperanza <\/strong>en los brit\u00e1nicos sometidos a confinamiento.<\/p>\n<p>Adem\u00e1s, se invitaba al p\u00fablico a cantar el tema en mayo pasado para conmemorar el 75 aniversario de la capitulaci\u00f3n de la Alemania nazi el 8 de mayo de 1945. Por todo ello, su <strong>\u00e1lbum \u00abVera Lynn 100\u00bb<\/strong> ha conseguido llegar al n\u00famero 30 en las listas brit\u00e1nicas, convirti\u00e9ndola en la <strong>artista m\u00e1s antigua <\/strong>en aparecer en el<strong> top 40 de los \u00e1lbumes m\u00e1s vendidos en el Reino Unido.<\/strong><\/p>\n<p><strong>Nacida<\/strong> en East Ham en las <strong>afueras de Londres en 1917<\/strong>, Lynn sobrevivi\u00f3 a un caso casi mortal de difteria cuando ten\u00eda dos a\u00f1os y comenz\u00f3 a actuar a los siete. A partir de los 18 a\u00f1os comenz\u00f3 a actuar con orquestas en el Reino Unido, y lanz\u00f3 su primera grabaci\u00f3n en solitario, Up the Wooden Hill to Bedfordshire, en 1936, mientras trabajaba en una compa\u00f1\u00eda naviera del East End.<\/p>\n<p>La int\u00e9rprete tambi\u00e9n era conocida por cantar <strong>\u00abThe White Cliffs of Dover\u00bb, \u00abThere&#8217;ll Always Be An England\u00bb y \u00abIf Only I Had Wings\u00bb<\/strong> para infundir valent\u00eda a los brit\u00e1nicos durante los bombardeos a\u00e9reos nazi.<\/p>\n<p>Apodada la <strong>\u00abprometida de las fuerzas armadas\u00bb<\/strong>, fue toda su vida una ferviente partidaria de los soldados, a quienes cant\u00f3 durante las guerras en pa\u00edses como Egipto o India, en unas actuaciones en las que a menudo <strong>arriesgaba su vida<\/strong>.<\/p>\n<p>&nbsp;<\/p>\n<p>Fuente:\u00a0\u00a0 ABC Cultura<\/p>\n<p>&nbsp;<\/p>\n","protected":false},"excerpt":{"rendered":"<p>Vera Lynn, cuya canci\u00f3n \u00abWe&#8217;ll meet again\u00bb se convirti\u00f3 en <a href=\"https:\/\/sertv.gob.pa\/crisolfm\/vera-lynn-la-legendaria-cantante-del-himno-a-la-esperanza-de-la-ii-guerra-mundial-fallece-a-los-103-anos\/\"> [&#8230;]<\/a><\/p>\n","protected":false},"author":64,"featured_media":29405,"comment_status":"closed","ping_status":"closed","sticky":false,"template":"","format":"standard","meta":{"footnotes":""},"categories":[6],"tags":[],"class_list":["post-29404","post","type-post","status-publish","format-standard","has-post-thumbnail","hentry","category-culturales"],"_links":{"self":[{"href":"https:\/\/sertv.gob.pa\/crisolfm\/wp-json\/wp\/v2\/posts\/29404","targetHints":{"allow":["GET"]}}],"collection":[{"href":"https:\/\/sertv.gob.pa\/crisolfm\/wp-json\/wp\/v2\/posts"}],"about":[{"href":"https:\/\/sertv.gob.pa\/crisolfm\/wp-json\/wp\/v2\/types\/post"}],"author":[{"embeddable":true,"href":"https:\/\/sertv.gob.pa\/crisolfm\/wp-json\/wp\/v2\/users\/64"}],"replies":[{"embeddable":true,"href":"https:\/\/sertv.gob.pa\/crisolfm\/wp-json\/wp\/v2\/comments?post=29404"}],"version-history":[{"count":1,"href":"https:\/\/sertv.gob.pa\/crisolfm\/wp-json\/wp\/v2\/posts\/29404\/revisions"}],"predecessor-version":[{"id":29406,"href":"https:\/\/sertv.gob.pa\/crisolfm\/wp-json\/wp\/v2\/posts\/29404\/revisions\/29406"}],"wp:featuredmedia":[{"embeddable":true,"href":"https:\/\/sertv.gob.pa\/crisolfm\/wp-json\/wp\/v2\/media\/29405"}],"wp:attachment":[{"href":"https:\/\/sertv.gob.pa\/crisolfm\/wp-json\/wp\/v2\/media?parent=29404"}],"wp:term":[{"taxonomy":"category","embeddable":true,"href":"https:\/\/sertv.gob.pa\/crisolfm\/wp-json\/wp\/v2\/categories?post=29404"},{"taxonomy":"post_tag","embeddable":true,"href":"https:\/\/sertv.gob.pa\/crisolfm\/wp-json\/wp\/v2\/tags?post=29404"}],"curies":[{"name":"wp","href":"https:\/\/api.w.org\/{rel}","templated":true}]}}