{"id":29434,"date":"2020-06-19T14:54:21","date_gmt":"2020-06-19T14:54:21","guid":{"rendered":"https:\/\/sertv.gob.pa\/crisolfm\/?p=29434"},"modified":"2020-06-19T14:54:21","modified_gmt":"2020-06-19T14:54:21","slug":"tablaos-flamencos-claman-por-ayuda-tras-cierre-de-iconico-local-madrileno","status":"publish","type":"post","link":"https:\/\/sertv.gob.pa\/crisolfm\/tablaos-flamencos-claman-por-ayuda-tras-cierre-de-iconico-local-madrileno\/","title":{"rendered":"Tablaos flamencos claman por ayuda tras cierre de ic\u00f3nico local madrile\u00f1o"},"content":{"rendered":"<p>Tras 32 a\u00f1os de canto y baile flamenco, el ic\u00f3nico local madrile\u00f1o Casa Patas cerr\u00f3 definitivamente v\u00edctima de la pandemia, toda una \u00abbofetada\u00bb\u00a0para el sector de los tablaos en Espa\u00f1a, que pide ayuda al gobierno ante el \u00abpeligro de extinci\u00f3n\u00bb.<\/p>\n<p>\u00abComo no nos ayuden, los tablaos flamencos desaparecen\u00bb, alert\u00f3 en d\u00edas pasados Federico Escudero, presidente de la Asociaci\u00f3n Nacional de Tablaos Flamencos de Espa\u00f1a (ANTFES), que agrupa a un centenar de salas, con 3.400 empleos directos, clausuradas desde mediados de marzo.<\/p>\n<p>Con la pandemia en remisi\u00f3n y la reactivaci\u00f3n de la econom\u00eda en Espa\u00f1a, la sobrevivencia de estos locales que dan sustento a un \u00ab90% de artistas\u00bb del flamenco, un arte declarado patrimonio inmaterial de la humanidad por la UNESCO, est\u00e1 en duda, seg\u00fan ANTFES.<\/p>\n<p>Y esto ocurre porque los tablaos, que toman su nombre de las tablas que resuenan con los tacones de los bailaores, viven de un p\u00fablico hasta en 90% extranjero, con las fronteras apenas empezando a reabrir.<\/p>\n<p>Y ofrecen espect\u00e1culos \u00edntimos de un pu\u00f1ado de artistas, usualmente cantaores, bailaores, m\u00fasicos de guitarra y caj\u00f3n y palmeros (que llevan el ritmo con las palmas), en lugares cerrados, dif\u00edciles de adaptar a las normas de distancia social.<\/p>\n<p>En este contexto, el cierre de Casa Patas a finales de mayo es \u00abla punta del iceberg\u00bb de lo que puede venir y \u00abuna bofetada de realidad\u00bb para el sector, reconoce su due\u00f1o, Mart\u00edn Guerrero.<\/p>\n<p>\u00abNos quedamos sin cliente internacional (&#8230;) y sin cliente nacional, y con una previsi\u00f3n de ingresos de entre un 10 y un 20% (de lo habitual), hace que para la empresa sea imposible abrir\u00bb, explica a la AFP Guerrero.<\/p>\n<p>Casa Patas, abierto en 1988 en el barrio de Lavapi\u00e9s y considerado un \u00abtemplo\u00bb del flamenco de Madrid, es un tablao t\u00edpico: una sala peque\u00f1a, con un escenario reducido y unas 120 sillas muy pr\u00f3ximas, que imposibilita que \u00absalgan las cuentas\u00bb si se reduce el aforo, seg\u00fan Guerrero.<\/p>\n<p>Rodeado de fotos de artistas que actuaron all\u00ed como Diego El Cigala, Sara Baras, Pepe Habichuela, Estrella Morente y Tomatito, y de asiduos espectadores, como el fallecido guitarrista Paco de Luc\u00eda, Guerrero admite que el cierre ha sido \u00abmuy dif\u00edcil de sobrellevar\u00bb, sobre todo por haber despedido a 25 personas, algunas con dos d\u00e9cadas en Casa Patas.<\/p>\n<p>&nbsp;<\/p>\n<p>Fuente:\u00a0 AFP<\/p>\n","protected":false},"excerpt":{"rendered":"<p>Tras 32 a\u00f1os de canto y baile flamenco, el ic\u00f3nico <a href=\"https:\/\/sertv.gob.pa\/crisolfm\/tablaos-flamencos-claman-por-ayuda-tras-cierre-de-iconico-local-madrileno\/\"> [&#8230;]<\/a><\/p>\n","protected":false},"author":64,"featured_media":29435,"comment_status":"closed","ping_status":"closed","sticky":false,"template":"","format":"standard","meta":{"footnotes":""},"categories":[6],"tags":[],"class_list":["post-29434","post","type-post","status-publish","format-standard","has-post-thumbnail","hentry","category-culturales"],"_links":{"self":[{"href":"https:\/\/sertv.gob.pa\/crisolfm\/wp-json\/wp\/v2\/posts\/29434","targetHints":{"allow":["GET"]}}],"collection":[{"href":"https:\/\/sertv.gob.pa\/crisolfm\/wp-json\/wp\/v2\/posts"}],"about":[{"href":"https:\/\/sertv.gob.pa\/crisolfm\/wp-json\/wp\/v2\/types\/post"}],"author":[{"embeddable":true,"href":"https:\/\/sertv.gob.pa\/crisolfm\/wp-json\/wp\/v2\/users\/64"}],"replies":[{"embeddable":true,"href":"https:\/\/sertv.gob.pa\/crisolfm\/wp-json\/wp\/v2\/comments?post=29434"}],"version-history":[{"count":1,"href":"https:\/\/sertv.gob.pa\/crisolfm\/wp-json\/wp\/v2\/posts\/29434\/revisions"}],"predecessor-version":[{"id":29436,"href":"https:\/\/sertv.gob.pa\/crisolfm\/wp-json\/wp\/v2\/posts\/29434\/revisions\/29436"}],"wp:featuredmedia":[{"embeddable":true,"href":"https:\/\/sertv.gob.pa\/crisolfm\/wp-json\/wp\/v2\/media\/29435"}],"wp:attachment":[{"href":"https:\/\/sertv.gob.pa\/crisolfm\/wp-json\/wp\/v2\/media?parent=29434"}],"wp:term":[{"taxonomy":"category","embeddable":true,"href":"https:\/\/sertv.gob.pa\/crisolfm\/wp-json\/wp\/v2\/categories?post=29434"},{"taxonomy":"post_tag","embeddable":true,"href":"https:\/\/sertv.gob.pa\/crisolfm\/wp-json\/wp\/v2\/tags?post=29434"}],"curies":[{"name":"wp","href":"https:\/\/api.w.org\/{rel}","templated":true}]}}