{"id":29450,"date":"2020-06-19T16:05:06","date_gmt":"2020-06-19T16:05:06","guid":{"rendered":"https:\/\/sertv.gob.pa\/crisolfm\/?p=29450"},"modified":"2020-06-19T16:05:06","modified_gmt":"2020-06-19T16:05:06","slug":"facebook-retira-publicidad-de-trump-que-incluia-simbolo-nazi","status":"publish","type":"post","link":"https:\/\/sertv.gob.pa\/crisolfm\/facebook-retira-publicidad-de-trump-que-incluia-simbolo-nazi\/","title":{"rendered":"Facebook retira publicidad de Trump que inclu\u00eda s\u00edmbolo nazi"},"content":{"rendered":"<p>Facebook retir\u00f3 publicidad publicada por la campa\u00f1a electoral de Donald Trump que atacaba a la izquierda y mostraba un tri\u00e1ngulo rojo invertido, s\u00edmbolo utilizado por los nazis para designar a los presos pol\u00edticos en los campos de concentraci\u00f3n.<\/p>\n<p>\u00abHemos quitado esas publicaciones y anuncios porque infringen nuestro reglamento sobre el odio organizado\u00bb, declar\u00f3 un portavoz de la red social estadounidense este jueves.<\/p>\n<p>\u00abNo autorizamos los s\u00edmbolos que representan a organizaciones o ideolog\u00edas de odio, a menos que sea para condenarlas\u00bb, dijo Nathaniel Gleicher, director de reglamentos sobre ciberseguridad de la red social, interrogado el jueves en el Congreso sobre un art\u00edculo del diario The Washington Post que revelaba la existencia de esos anuncios.<\/p>\n<p>\u00abNuestras reglas proh\u00edben recurrir a ese s\u00edmbolo (&#8230;) sin el contexto que lo condene o cuestione\u00bb, precis\u00f3 el portavoz de Facebook.<\/p>\n<p>El texto de esos avisos publicitarios atacaba a las \u00abpeligrosas hordas de grupos de extrema izquierda\u00bb y llamaba a los internautas a firmar una petici\u00f3n contra los \u00abantifa\u00bb o antifascistas, a los que Trump acus\u00f3 sin pruebas de causar disturbios durante las recientes manifestaciones contra la violencia policial en Estados Unidos.<\/p>\n<p>En un tuit del \u00abTrump War Room\u00bb, la campa\u00f1a sostuvo que el s\u00edmbolo del tri\u00e1ngulo rojo invertido era \u00abampliamente utilizado\u00bb para referirse a los \u00abantifa\u00bb.<\/p>\n<p>El grupo de vigilancia Media Matters respondi\u00f3 en la misma red social desmintiendo esa afirmaci\u00f3n.<\/p>\n<p>Desde principios de este mes, la campa\u00f1a de Trump ha estado publicando anuncios \u00abatemorizantes\u00bb sobre los \u00abantifa\u00bb, observ\u00f3 Media Matters.<\/p>\n<p>&nbsp;<\/p>\n<p>Fuente:\u00a0\u00a0 AFP<\/p>\n","protected":false},"excerpt":{"rendered":"<p>Facebook retir\u00f3 publicidad publicada por la campa\u00f1a electoral de Donald <a href=\"https:\/\/sertv.gob.pa\/crisolfm\/facebook-retira-publicidad-de-trump-que-incluia-simbolo-nazi\/\"> [&#8230;]<\/a><\/p>\n","protected":false},"author":64,"featured_media":29451,"comment_status":"closed","ping_status":"closed","sticky":false,"template":"","format":"standard","meta":{"footnotes":""},"categories":[9],"tags":[],"class_list":["post-29450","post","type-post","status-publish","format-standard","has-post-thumbnail","hentry","category-varios"],"_links":{"self":[{"href":"https:\/\/sertv.gob.pa\/crisolfm\/wp-json\/wp\/v2\/posts\/29450","targetHints":{"allow":["GET"]}}],"collection":[{"href":"https:\/\/sertv.gob.pa\/crisolfm\/wp-json\/wp\/v2\/posts"}],"about":[{"href":"https:\/\/sertv.gob.pa\/crisolfm\/wp-json\/wp\/v2\/types\/post"}],"author":[{"embeddable":true,"href":"https:\/\/sertv.gob.pa\/crisolfm\/wp-json\/wp\/v2\/users\/64"}],"replies":[{"embeddable":true,"href":"https:\/\/sertv.gob.pa\/crisolfm\/wp-json\/wp\/v2\/comments?post=29450"}],"version-history":[{"count":1,"href":"https:\/\/sertv.gob.pa\/crisolfm\/wp-json\/wp\/v2\/posts\/29450\/revisions"}],"predecessor-version":[{"id":29452,"href":"https:\/\/sertv.gob.pa\/crisolfm\/wp-json\/wp\/v2\/posts\/29450\/revisions\/29452"}],"wp:featuredmedia":[{"embeddable":true,"href":"https:\/\/sertv.gob.pa\/crisolfm\/wp-json\/wp\/v2\/media\/29451"}],"wp:attachment":[{"href":"https:\/\/sertv.gob.pa\/crisolfm\/wp-json\/wp\/v2\/media?parent=29450"}],"wp:term":[{"taxonomy":"category","embeddable":true,"href":"https:\/\/sertv.gob.pa\/crisolfm\/wp-json\/wp\/v2\/categories?post=29450"},{"taxonomy":"post_tag","embeddable":true,"href":"https:\/\/sertv.gob.pa\/crisolfm\/wp-json\/wp\/v2\/tags?post=29450"}],"curies":[{"name":"wp","href":"https:\/\/api.w.org\/{rel}","templated":true}]}}