{"id":29469,"date":"2020-06-19T20:42:06","date_gmt":"2020-06-19T20:42:06","guid":{"rendered":"https:\/\/sertv.gob.pa\/crisolfm\/?p=29469"},"modified":"2020-06-19T20:42:06","modified_gmt":"2020-06-19T20:42:06","slug":"fallece-escritor-carlos-ruiz-zafon-a-los-55-anos","status":"publish","type":"post","link":"https:\/\/sertv.gob.pa\/crisolfm\/fallece-escritor-carlos-ruiz-zafon-a-los-55-anos\/","title":{"rendered":"Fallece escritor Carlos Ruiz Zaf\u00f3n a los 55 a\u00f1os"},"content":{"rendered":"<p>El escritor barcelon\u00e9s<strong> Carlos Ruiz Zaf\u00f3n,<\/strong> autor de <strong>\u00abLa sombra del viento\u00bb<\/strong> ha fallecido este viernes a los 55 a\u00f1os, seg\u00fan ha confirmado la editorial Planeta. El escritor, enfermo desde hace a\u00f1os, ha muerto en su casa de Malib\u00fa, en Los \u00c1ngeles, despu\u00e9s de una largu\u00edsima batalla con el c\u00e1ncer. \u00abA veces me parece que es mejor no hablar demasiado de los planes que uno tiene o de lo que tiene entre manos en cada momento porque luego uno cambia de idea y termina haciendo algo muy diferente a lo que los lectores esperaban\u00bb, explicaba en una entrevista de 2016, coincidiendo con el d\u00e9cimo aniversario de la publicaci\u00f3n de \u00abLa sombra del viento\u00bb.<\/p>\n<p>Por aquel entonces <a href=\"https:\/\/www.abc.es\/espana\/catalunya\/disfruta\/abci-ultima-novela-zafon-traducira-mas-40-idiomas-201610241318_noticia.html\" target=\"_blank\" rel=\"noopener\">, el escritor estaba a punto de concluir su gran proyecto literario:<\/a> una tetralog\u00eda que arranc\u00f3 con \u00abLa sombra del viento\u00bb y concluy\u00f3 en noviembre de 2016 con \u00abEl laberinto de los esp\u00edritus\u00bb. Atr\u00e1s quedaban <strong>Daniel Sempere,<\/strong> el <strong>Cementerio de los Libros Olvidados<\/strong> y los perfiles g\u00f3ticos y siniestros de una Barcelona en la que s\u00f3lo cab\u00edan diferentes variaciones del gris de posguerra. Atr\u00e1s quedaba tambi\u00e9n un \u00e9xito sin precedentes y una aventura literaria con la que Zaf\u00f3n perge\u00f1\u00f3 su particular homenaje a la imaginaci\u00f3n y a la fabulaci\u00f3n.<\/p>\n<p>\u00abAl terminarlo me queda la sensaci\u00f3n del trabajo hecho. No he tenido que renunciar a nada y al final ha sido aquello que hab\u00eda so\u00f1ado\u00bb, dijo entonces en lo alto del Tibidabo mientras se desped\u00eda de esa ciudad de leyenda <a href=\"https:\/\/www.abc.es\/cultura\/libros\/abci-carlos-ruiz-zafon-gravamen-economico-sometido-cultura-casi-castigo-201611171340_noticia.html\" target=\"_blank\" rel=\"noopener\">a la que hab\u00eda retratado en unas novelas que superaron lo puramente literario.<\/a> No en vano, y tal y como recordaba este viernes su editor, Emili Rosales, de Zaf\u00f3n se dec\u00eda que era el segundo autor espa\u00f1ol m\u00e1s le\u00eddo. \u00bfEl primero? Un tal <strong>Miguel de Cervantes.<\/strong><\/p>\n<p><strong>\u00a0<\/strong><\/p>\n<p>Fuente:\u00a0 ABC Cultura<\/p>\n","protected":false},"excerpt":{"rendered":"<p>El escritor barcelon\u00e9s Carlos Ruiz Zaf\u00f3n, autor de \u00abLa sombra <a href=\"https:\/\/sertv.gob.pa\/crisolfm\/fallece-escritor-carlos-ruiz-zafon-a-los-55-anos\/\"> [&#8230;]<\/a><\/p>\n","protected":false},"author":64,"featured_media":29470,"comment_status":"closed","ping_status":"closed","sticky":false,"template":"","format":"standard","meta":{"footnotes":""},"categories":[6],"tags":[],"class_list":["post-29469","post","type-post","status-publish","format-standard","has-post-thumbnail","hentry","category-culturales"],"_links":{"self":[{"href":"https:\/\/sertv.gob.pa\/crisolfm\/wp-json\/wp\/v2\/posts\/29469","targetHints":{"allow":["GET"]}}],"collection":[{"href":"https:\/\/sertv.gob.pa\/crisolfm\/wp-json\/wp\/v2\/posts"}],"about":[{"href":"https:\/\/sertv.gob.pa\/crisolfm\/wp-json\/wp\/v2\/types\/post"}],"author":[{"embeddable":true,"href":"https:\/\/sertv.gob.pa\/crisolfm\/wp-json\/wp\/v2\/users\/64"}],"replies":[{"embeddable":true,"href":"https:\/\/sertv.gob.pa\/crisolfm\/wp-json\/wp\/v2\/comments?post=29469"}],"version-history":[{"count":1,"href":"https:\/\/sertv.gob.pa\/crisolfm\/wp-json\/wp\/v2\/posts\/29469\/revisions"}],"predecessor-version":[{"id":29471,"href":"https:\/\/sertv.gob.pa\/crisolfm\/wp-json\/wp\/v2\/posts\/29469\/revisions\/29471"}],"wp:featuredmedia":[{"embeddable":true,"href":"https:\/\/sertv.gob.pa\/crisolfm\/wp-json\/wp\/v2\/media\/29470"}],"wp:attachment":[{"href":"https:\/\/sertv.gob.pa\/crisolfm\/wp-json\/wp\/v2\/media?parent=29469"}],"wp:term":[{"taxonomy":"category","embeddable":true,"href":"https:\/\/sertv.gob.pa\/crisolfm\/wp-json\/wp\/v2\/categories?post=29469"},{"taxonomy":"post_tag","embeddable":true,"href":"https:\/\/sertv.gob.pa\/crisolfm\/wp-json\/wp\/v2\/tags?post=29469"}],"curies":[{"name":"wp","href":"https:\/\/api.w.org\/{rel}","templated":true}]}}