{"id":29485,"date":"2020-06-22T13:23:43","date_gmt":"2020-06-22T13:23:43","guid":{"rendered":"https:\/\/sertv.gob.pa\/crisolfm\/?p=29485"},"modified":"2020-06-22T13:23:43","modified_gmt":"2020-06-22T13:23:43","slug":"ministros-de-ambiente-centroamericanos-sostienen-encuentro","status":"publish","type":"post","link":"https:\/\/sertv.gob.pa\/crisolfm\/ministros-de-ambiente-centroamericanos-sostienen-encuentro\/","title":{"rendered":"Ministros de Ambiente Centroamericanos sostienen encuentro"},"content":{"rendered":"<p>Milc\u00edades Concepci\u00f3n, ministro de Ambiente, junto a Cindy Monge, viceministra, y Gustavo Padilla, jefe de la Oficina de Cooperaci\u00f3n T\u00e9cnica Internacional del Ministerio de Ambiente,\u00a0participaron de manera virtual,\u00a0en la LVIII reuni\u00f3n extraordinaria celebrada por el Consejo de Ministros de la Comisi\u00f3n Centroamericana de Ambiente y Desarrollo (CCAD), del Sistema de Integraci\u00f3n Centroamericana (SICA).<\/p>\n<p>El encuentro tuvo como objetivo sostener un di\u00e1logo con el secretario alem\u00e1n de Estado del Ministerio Federal del Medio Ambiente, Conservaci\u00f3n de la Naturaleza y Seguridad Nuclear, Jochen Flasbarth, sobre lo que Alemania est\u00e1 haciendo como pa\u00eds y en la regi\u00f3n ante la emergencia del Covid-19.<\/p>\n<p>El alto representante del gobierno alem\u00e1n,\u00a0destac\u00f3 el compromiso de su pa\u00eds en la cooperaci\u00f3n internacional a trav\u00e9s de proyectos y organismos como la GIZ,y compartiendo experiencias y conocimientos de iniciativas como el Pacto Verde que promueve la Uni\u00f3n Europea.<\/p>\n<p>Tambi\u00e9n plante\u00f3 la importancia de los marcos legales para la sostenibilidad ambiental, energ\u00eda, las aspiraciones y los compromisos ambientales, as\u00ed como las soluciones econ\u00f3micas ambientales a corto plazo y largo plazo, basadas en la naturaleza.<\/p>\n<p>Entre otros temas abordados estuvieron: la problem\u00e1tica del corredor seco Centroamericano y zonas \u00e1ridas de Rep\u00fablica Dominicana, el enfoque hacia la neutralidad e incremento de la biodiversidad de estas regiones, la promoci\u00f3n del financiamiento y la inversi\u00f3n p\u00fablica con enfoque sostenible, los temas de electro movilidad, recuperaci\u00f3n de cobertura boscosa y biodiversidad, y la v\u00eda hacia la recuperaci\u00f3n ambiental con enfoque en el cambio clim\u00e1tico, entre otros.<\/p>\n<p>El premier paname\u00f1o de Ambiente, Milc\u00edades Concepci\u00f3n valor\u00f3 la reuni\u00f3n de muy positiva, toda vez que resalt\u00f3 la importancia de trabajar en forma conjunta con sus hom\u00f3logos de la regi\u00f3n y pa\u00edses como Alemania, que mantienen un inter\u00e9s permanente en Centroam\u00e9rica.<\/p>\n<p>&nbsp;<\/p>\n<p>Fuente:\u00a0 MiAmbiente<\/p>\n","protected":false},"excerpt":{"rendered":"<p>Milc\u00edades Concepci\u00f3n, ministro de Ambiente, junto a Cindy Monge, viceministra, <a href=\"https:\/\/sertv.gob.pa\/crisolfm\/ministros-de-ambiente-centroamericanos-sostienen-encuentro\/\"> [&#8230;]<\/a><\/p>\n","protected":false},"author":64,"featured_media":29486,"comment_status":"closed","ping_status":"closed","sticky":false,"template":"","format":"standard","meta":{"footnotes":""},"categories":[7],"tags":[],"class_list":["post-29485","post","type-post","status-publish","format-standard","has-post-thumbnail","hentry","category-ecologicas"],"_links":{"self":[{"href":"https:\/\/sertv.gob.pa\/crisolfm\/wp-json\/wp\/v2\/posts\/29485","targetHints":{"allow":["GET"]}}],"collection":[{"href":"https:\/\/sertv.gob.pa\/crisolfm\/wp-json\/wp\/v2\/posts"}],"about":[{"href":"https:\/\/sertv.gob.pa\/crisolfm\/wp-json\/wp\/v2\/types\/post"}],"author":[{"embeddable":true,"href":"https:\/\/sertv.gob.pa\/crisolfm\/wp-json\/wp\/v2\/users\/64"}],"replies":[{"embeddable":true,"href":"https:\/\/sertv.gob.pa\/crisolfm\/wp-json\/wp\/v2\/comments?post=29485"}],"version-history":[{"count":1,"href":"https:\/\/sertv.gob.pa\/crisolfm\/wp-json\/wp\/v2\/posts\/29485\/revisions"}],"predecessor-version":[{"id":29487,"href":"https:\/\/sertv.gob.pa\/crisolfm\/wp-json\/wp\/v2\/posts\/29485\/revisions\/29487"}],"wp:featuredmedia":[{"embeddable":true,"href":"https:\/\/sertv.gob.pa\/crisolfm\/wp-json\/wp\/v2\/media\/29486"}],"wp:attachment":[{"href":"https:\/\/sertv.gob.pa\/crisolfm\/wp-json\/wp\/v2\/media?parent=29485"}],"wp:term":[{"taxonomy":"category","embeddable":true,"href":"https:\/\/sertv.gob.pa\/crisolfm\/wp-json\/wp\/v2\/categories?post=29485"},{"taxonomy":"post_tag","embeddable":true,"href":"https:\/\/sertv.gob.pa\/crisolfm\/wp-json\/wp\/v2\/tags?post=29485"}],"curies":[{"name":"wp","href":"https:\/\/api.w.org\/{rel}","templated":true}]}}