{"id":29494,"date":"2020-06-22T14:54:33","date_gmt":"2020-06-22T14:54:33","guid":{"rendered":"https:\/\/sertv.gob.pa\/crisolfm\/?p=29494"},"modified":"2020-06-22T14:54:33","modified_gmt":"2020-06-22T14:54:33","slug":"descartan-reabrir-machu-pocchu-en-julio-por-temor-a-contagios-de-covid-19","status":"publish","type":"post","link":"https:\/\/sertv.gob.pa\/crisolfm\/descartan-reabrir-machu-pocchu-en-julio-por-temor-a-contagios-de-covid-19\/","title":{"rendered":"Descartan reabrir Machu Pocchu en julio por temor a contagios de covid-19"},"content":{"rendered":"<p>Machu Picchu, la ciudadela inca devenida en joya del turismo de Per\u00fa, seguir\u00e1 cerrada tras descartarse su reapertura en julio por demoras en la implementaci\u00f3n de medidas de bioseguridad y el temor de poblaciones aleda\u00f1as a contagios del nuevo coronavirus, inform\u00f3 el domingo la prensa local.<\/p>\n<p>La Unidad de Gesti\u00f3n de Machupicchu (UGM) tom\u00f3 la decisi\u00f3n en base a informes de autoridades de la regi\u00f3n Cusco, donde se ubica la famosa ciudadela l\u00edtica.<\/p>\n<p>\u00abSe ha quedado en que no se abre este 1 de julio\u00bb, dijo el alcalde del distrito de Machupicchu, Darwin Baca, integrante de la UGM, citado por varios medios.<\/p>\n<p>\u00abLastimosamente, se pretende iniciar una actividad sin estar preparados desde el mismo Gobierno central\u00bb, agreg\u00f3 la autoridad local.<\/p>\n<p>El alcalde indic\u00f3 que a\u00fan est\u00e1n pendientes una serie de medidas sanitarias en la zona, como la realizaci\u00f3n de test. El gobernador regional de Cusco, Jean Paul Benavente, indic\u00f3 que el gobierno nacional a\u00fan debe aprobar algunos protocolos de reapertura.<\/p>\n<p>\u00abNo hay una fecha oficial para la reapertura de Machu Picchu\u00bb, subray\u00f3 el gobernador, quien preside la UGM.<\/p>\n<p>Pese a vivir del turismo, el pueblo de Machu Picchu se opone a la reapertura alegando que los visitantes pueden traer m\u00e1s contagios de covid-19 en una regi\u00f3n donde hay pocos casos registrados.<\/p>\n<p>Gremios de Machu Picchu anunciaron protestas desde el lunes en rechazo a la reapertura impulsada por el gobierno de Mart\u00edn Vizcarra para reactivar la econom\u00eda.<\/p>\n<p>\u00abEstamos con un riesgo mayor de infectarnos, la infecci\u00f3n est\u00e1 en crecimiento (en otras zonas de Per\u00fa), seguro que se va a dar un contagio porque no estamos preparados para recibir a visitantes si es que permitimos que abran el santuario de Machu Picchu\u00bb, seg\u00fan Oscar Valencia, presidente del Frente de Defensa de Machu Picchu, citado por el diario El Comercio.<\/p>\n<p>El gobierno peruano anunci\u00f3 la semana pasada que reabrir\u00eda en julio la ciudadela inca con acceso limitado.<\/p>\n<p>El gobernador del Cusco se\u00f1al\u00f3 entonces a la AFP que el l\u00edmite ser\u00eda de \u00ab675 visitantes nacionales y extranjeros por d\u00eda\u00bb.<\/p>\n<p>La reapertura depend\u00eda del fin del confinamiento que vence el 30 de junio, dijo el gobernador.<\/p>\n<p>En Per\u00fa los aeropuertos est\u00e1n cerrados y los comercios restringidos como parte de las medidas para frenar el coronavirus en el pa\u00eds, el segundo con m\u00e1s casos de la enfermedad en Am\u00e9rica Latina, con m\u00e1s de 250.000 contagios y cerca de 8.000 fallecidos.<\/p>\n<p>&nbsp;<\/p>\n<p>Fuente:\u00a0 AFP<\/p>\n","protected":false},"excerpt":{"rendered":"<p>Machu Picchu, la ciudadela inca devenida en joya del turismo <a href=\"https:\/\/sertv.gob.pa\/crisolfm\/descartan-reabrir-machu-pocchu-en-julio-por-temor-a-contagios-de-covid-19\/\"> [&#8230;]<\/a><\/p>\n","protected":false},"author":64,"featured_media":29495,"comment_status":"closed","ping_status":"closed","sticky":false,"template":"","format":"standard","meta":{"footnotes":""},"categories":[6],"tags":[],"class_list":["post-29494","post","type-post","status-publish","format-standard","has-post-thumbnail","hentry","category-culturales"],"_links":{"self":[{"href":"https:\/\/sertv.gob.pa\/crisolfm\/wp-json\/wp\/v2\/posts\/29494","targetHints":{"allow":["GET"]}}],"collection":[{"href":"https:\/\/sertv.gob.pa\/crisolfm\/wp-json\/wp\/v2\/posts"}],"about":[{"href":"https:\/\/sertv.gob.pa\/crisolfm\/wp-json\/wp\/v2\/types\/post"}],"author":[{"embeddable":true,"href":"https:\/\/sertv.gob.pa\/crisolfm\/wp-json\/wp\/v2\/users\/64"}],"replies":[{"embeddable":true,"href":"https:\/\/sertv.gob.pa\/crisolfm\/wp-json\/wp\/v2\/comments?post=29494"}],"version-history":[{"count":1,"href":"https:\/\/sertv.gob.pa\/crisolfm\/wp-json\/wp\/v2\/posts\/29494\/revisions"}],"predecessor-version":[{"id":29496,"href":"https:\/\/sertv.gob.pa\/crisolfm\/wp-json\/wp\/v2\/posts\/29494\/revisions\/29496"}],"wp:featuredmedia":[{"embeddable":true,"href":"https:\/\/sertv.gob.pa\/crisolfm\/wp-json\/wp\/v2\/media\/29495"}],"wp:attachment":[{"href":"https:\/\/sertv.gob.pa\/crisolfm\/wp-json\/wp\/v2\/media?parent=29494"}],"wp:term":[{"taxonomy":"category","embeddable":true,"href":"https:\/\/sertv.gob.pa\/crisolfm\/wp-json\/wp\/v2\/categories?post=29494"},{"taxonomy":"post_tag","embeddable":true,"href":"https:\/\/sertv.gob.pa\/crisolfm\/wp-json\/wp\/v2\/tags?post=29494"}],"curies":[{"name":"wp","href":"https:\/\/api.w.org\/{rel}","templated":true}]}}