{"id":29497,"date":"2020-06-22T15:23:42","date_gmt":"2020-06-22T15:23:42","guid":{"rendered":"https:\/\/sertv.gob.pa\/crisolfm\/?p=29497"},"modified":"2020-06-22T15:23:42","modified_gmt":"2020-06-22T15:23:42","slug":"museo-de-historia-natural-de-ny-retirara-una-estatua-de-roosevelt-por-su-simbologia-racista","status":"publish","type":"post","link":"https:\/\/sertv.gob.pa\/crisolfm\/museo-de-historia-natural-de-ny-retirara-una-estatua-de-roosevelt-por-su-simbologia-racista\/","title":{"rendered":"Museo de Historia Natural de NY retirar\u00e1 una estatua de Roosevelt por su simbolog\u00eda racista"},"content":{"rendered":"<p>El Museo de Historia Natural de Nueva York anunci\u00f3 el domingo que retirar\u00e1 la estatua del expresidente estadounidense Theodore Roosevelt de la puerta principal de la instituci\u00f3n, en medio de un creciente llamado nacional a deshacerse de monumentos hist\u00f3ricos considerados racistas.<\/p>\n<p>El museo dijo que hizo el pedido al alcalde de Nueva York, Bill de Blasio, y que \u00e9ste accedi\u00f3 en medio de las manifestaciones nacionales contra el racismo y la brutalidad policial tras la muerte de George Floyd, un hombre negro, a manos de un polic\u00eda blanco el 25 de mayo en Minneapolis.<\/p>\n<p>\u00abMientras luchamos por hacer frente a la b\u00fasqueda apasionada por justicia racial de nuestra instituci\u00f3n, de nuestra ciudad y de nuestro pa\u00eds, creemos que retirar la estatua ser\u00e1 un s\u00edmbolo del progreso y de nuestro compromiso para construir y apoyar una comunidad del museo inclusiva e igualitaria y una sociedad m\u00e1s abierta\u00bb, dijo Ellen Futter, presidenta del museo, en un comunicado.<\/p>\n<p>Teddy Roosevelt, que fue presidente estadounidense de 1901 a 1909, es considerado uno de los primeros conservacionistas y naturalistas estadounidenses.<\/p>\n<p>Pero su estatua de bronce, que desde la inauguraci\u00f3n del museo en 1940 lo presenta poderoso, a caballo, junto a un negro y un ind\u00edgena que lo flanquean a pie a cada lado, simboliza para muchos el colonialismo y la discriminaci\u00f3n racial.<\/p>\n<p>El alcalde acept\u00f3 el pedido para retirar la imponente estatua de Theodore Roosevelt de la entrada del museo situada en Central Park West, frente al Central Park, seg\u00fan el comunicado.<\/p>\n<p>\u00abEl museo estadounidense de Historia Natural ha pedido retirar la estatua porque presenta expl\u00edcitamente a negros e ind\u00edgenas como subyugados y racialmente inferiores. La ciudad apoya el pedido del museo\u00bb, dijo de Blasio, citado en el texto.<\/p>\n<p>\u00abEs la decisi\u00f3n correcta y el momento correcto para retirar esta estatua problem\u00e1tica\u00bb, a\u00f1adi\u00f3 el alcalde.<\/p>\n<p>El bisnieto de Roosevelt, Theodore Roosevelt IV, fideicomisario del museo, concuerda.<\/p>\n<p>\u00abEl mundo no precisa estatuas, reliquias de otra \u00e9poca, que no reflejan los valores de la persona que quieren honrar ni los valores de igualdad y justicia\u00bb, afirm\u00f3 en el mismo comunicado.<\/p>\n<p>&nbsp;<\/p>\n<p>Fuente:\u00a0 AFP<\/p>\n","protected":false},"excerpt":{"rendered":"<p>El Museo de Historia Natural de Nueva York anunci\u00f3 el <a href=\"https:\/\/sertv.gob.pa\/crisolfm\/museo-de-historia-natural-de-ny-retirara-una-estatua-de-roosevelt-por-su-simbologia-racista\/\"> [&#8230;]<\/a><\/p>\n","protected":false},"author":64,"featured_media":29498,"comment_status":"closed","ping_status":"closed","sticky":false,"template":"","format":"standard","meta":{"footnotes":""},"categories":[6],"tags":[],"class_list":["post-29497","post","type-post","status-publish","format-standard","has-post-thumbnail","hentry","category-culturales"],"_links":{"self":[{"href":"https:\/\/sertv.gob.pa\/crisolfm\/wp-json\/wp\/v2\/posts\/29497","targetHints":{"allow":["GET"]}}],"collection":[{"href":"https:\/\/sertv.gob.pa\/crisolfm\/wp-json\/wp\/v2\/posts"}],"about":[{"href":"https:\/\/sertv.gob.pa\/crisolfm\/wp-json\/wp\/v2\/types\/post"}],"author":[{"embeddable":true,"href":"https:\/\/sertv.gob.pa\/crisolfm\/wp-json\/wp\/v2\/users\/64"}],"replies":[{"embeddable":true,"href":"https:\/\/sertv.gob.pa\/crisolfm\/wp-json\/wp\/v2\/comments?post=29497"}],"version-history":[{"count":1,"href":"https:\/\/sertv.gob.pa\/crisolfm\/wp-json\/wp\/v2\/posts\/29497\/revisions"}],"predecessor-version":[{"id":29499,"href":"https:\/\/sertv.gob.pa\/crisolfm\/wp-json\/wp\/v2\/posts\/29497\/revisions\/29499"}],"wp:featuredmedia":[{"embeddable":true,"href":"https:\/\/sertv.gob.pa\/crisolfm\/wp-json\/wp\/v2\/media\/29498"}],"wp:attachment":[{"href":"https:\/\/sertv.gob.pa\/crisolfm\/wp-json\/wp\/v2\/media?parent=29497"}],"wp:term":[{"taxonomy":"category","embeddable":true,"href":"https:\/\/sertv.gob.pa\/crisolfm\/wp-json\/wp\/v2\/categories?post=29497"},{"taxonomy":"post_tag","embeddable":true,"href":"https:\/\/sertv.gob.pa\/crisolfm\/wp-json\/wp\/v2\/tags?post=29497"}],"curies":[{"name":"wp","href":"https:\/\/api.w.org\/{rel}","templated":true}]}}