{"id":29500,"date":"2020-06-22T15:55:43","date_gmt":"2020-06-22T15:55:43","guid":{"rendered":"https:\/\/sertv.gob.pa\/crisolfm\/?p=29500"},"modified":"2020-06-22T15:55:43","modified_gmt":"2020-06-22T15:55:43","slug":"india-celebra-el-dia-internacional-del-yoga-en-medio-de-la-pandemia","status":"publish","type":"post","link":"https:\/\/sertv.gob.pa\/crisolfm\/india-celebra-el-dia-internacional-del-yoga-en-medio-de-la-pandemia\/","title":{"rendered":"India celebra el D\u00eda Internacional del Yoga en medio de la pandemia"},"content":{"rendered":"<p>India conmemor\u00f3 este domingo el D\u00eda Internacional del Yoga con peque\u00f1os eventos, en tanto el pa\u00eds lucha contra el coronavirus, no obstante, el primer ministro Narendra Modi afirm\u00f3 que la crisis sanitaria hizo que esta antigua pr\u00e1ctica se convirtiese en algo a\u00fan m\u00e1s relevante.<\/p>\n<p>Esta conmemoraci\u00f3n anual, propuesta por Modi y adoptada por la ONU en 2014, se realiza sobre todo en India, pero tambi\u00e9n en el resto del mundo, durante el d\u00eda m\u00e1s largo en el hemisferio norte.<\/p>\n<p>En tanto la crisis del coronavirus oblig\u00f3 a los practicantes a realizar sus actividades en lugares cerrados o en peque\u00f1as sesiones al aire libre, Modi, un yogui activo, pidi\u00f3 a la gente que aproveche los beneficios f\u00edsicos y mentales de la disciplina.<\/p>\n<p>\u00abA causa de la pandemia de coronavirus, el mundo se est\u00e1 dando cuenta m\u00e1s que nunca de la importancia del yoga\u00bb, destac\u00f3 Modi, hablando en hindi en un video difundido este domingo en las redes sociales.<\/p>\n<p>\u00abCovid-19 ataca a nuestro sistema respiratorio. Pranayam (ejercicios de respiraci\u00f3n) nos ayuda a fortalecer a\u00fan m\u00e1s nuestro sistema respiratorio\u00bb, a\u00f1adi\u00f3.<\/p>\n<p>Desde que asumi\u00f3 como primer ministro, en 2014, Modi ha liderado una iniciativa para consagrar esta pr\u00e1ctica como parte hist\u00f3rica de la cultura india.<\/p>\n<p>Los estudiosos indios creen que el yoga se remonta a hace unos 5.000 a\u00f1os, bas\u00e1ndose en la evidencia arqueol\u00f3gica de unas inscripciones representando poses en piedras, as\u00ed como referencias a las ense\u00f1anzas y\u00f3guicas en los Vedas, antiguas escrituras hind\u00faes.<\/p>\n<p>Este acontecimiento tuvo lugar en tanto el gran pa\u00eds del sur de Asia, con 1.300 millones de habitantes, inform\u00f3 este domingo un tope r\u00e9cord de 15.413 nuevos infectados por coronavirus en un solo d\u00eda. Llevando el total a nivel nacional a m\u00e1s de 410.000 casos, con m\u00e1s de 13.250 muertes.<\/p>\n<p>&nbsp;<\/p>\n<p>Fuente:\u00a0 AFP<\/p>\n","protected":false},"excerpt":{"rendered":"<p>India conmemor\u00f3 este domingo el D\u00eda Internacional del Yoga con <a href=\"https:\/\/sertv.gob.pa\/crisolfm\/india-celebra-el-dia-internacional-del-yoga-en-medio-de-la-pandemia\/\"> [&#8230;]<\/a><\/p>\n","protected":false},"author":64,"featured_media":29501,"comment_status":"closed","ping_status":"closed","sticky":false,"template":"","format":"standard","meta":{"footnotes":""},"categories":[6],"tags":[],"class_list":["post-29500","post","type-post","status-publish","format-standard","has-post-thumbnail","hentry","category-culturales"],"_links":{"self":[{"href":"https:\/\/sertv.gob.pa\/crisolfm\/wp-json\/wp\/v2\/posts\/29500","targetHints":{"allow":["GET"]}}],"collection":[{"href":"https:\/\/sertv.gob.pa\/crisolfm\/wp-json\/wp\/v2\/posts"}],"about":[{"href":"https:\/\/sertv.gob.pa\/crisolfm\/wp-json\/wp\/v2\/types\/post"}],"author":[{"embeddable":true,"href":"https:\/\/sertv.gob.pa\/crisolfm\/wp-json\/wp\/v2\/users\/64"}],"replies":[{"embeddable":true,"href":"https:\/\/sertv.gob.pa\/crisolfm\/wp-json\/wp\/v2\/comments?post=29500"}],"version-history":[{"count":1,"href":"https:\/\/sertv.gob.pa\/crisolfm\/wp-json\/wp\/v2\/posts\/29500\/revisions"}],"predecessor-version":[{"id":29502,"href":"https:\/\/sertv.gob.pa\/crisolfm\/wp-json\/wp\/v2\/posts\/29500\/revisions\/29502"}],"wp:featuredmedia":[{"embeddable":true,"href":"https:\/\/sertv.gob.pa\/crisolfm\/wp-json\/wp\/v2\/media\/29501"}],"wp:attachment":[{"href":"https:\/\/sertv.gob.pa\/crisolfm\/wp-json\/wp\/v2\/media?parent=29500"}],"wp:term":[{"taxonomy":"category","embeddable":true,"href":"https:\/\/sertv.gob.pa\/crisolfm\/wp-json\/wp\/v2\/categories?post=29500"},{"taxonomy":"post_tag","embeddable":true,"href":"https:\/\/sertv.gob.pa\/crisolfm\/wp-json\/wp\/v2\/tags?post=29500"}],"curies":[{"name":"wp","href":"https:\/\/api.w.org\/{rel}","templated":true}]}}