{"id":29506,"date":"2020-06-22T17:03:45","date_gmt":"2020-06-22T17:03:45","guid":{"rendered":"https:\/\/sertv.gob.pa\/crisolfm\/?p=29506"},"modified":"2020-06-22T17:03:45","modified_gmt":"2020-06-22T17:03:45","slug":"viggo-mortensen-premio-donostia-del-festival-de-san-sebastian","status":"publish","type":"post","link":"https:\/\/sertv.gob.pa\/crisolfm\/viggo-mortensen-premio-donostia-del-festival-de-san-sebastian\/","title":{"rendered":"Viggo Mortensen, Premio Donostia del Festival de San Sebasti\u00e1n"},"content":{"rendered":"<p>El actor y cineasta <strong>Viggo Mortensen<\/strong> recibir\u00e1 un <strong>Premio Donostia<\/strong> en reconocimiento a su carrera durante la 68 edici\u00f3n del <strong>Festival de San Sebasti\u00e1n<\/strong>, que se celebrar\u00e1 del 18 al 26 de septiembre y donde el int\u00e9rprete estadounidense presentar\u00e1 la pel\u00edcula <strong>\u00abFalling\u00bb<\/strong>, su debut como director.<\/p>\n<p>El largometraje, que clausur\u00f3 el <strong>Festival de Sundance <\/strong>y forma parte de las pel\u00edculas seleccionadas por el Festival de Cannes, tendr\u00e1 su <em>premiere<\/em> europea en <strong>San Sebasti\u00e1n<\/strong>. \u00abFalling\u00bb est\u00e1 protagonizado por el veterano <strong>Lance Henriksen<\/strong> y por el propio Mortensen, que tambi\u00e9n firma el gui\u00f3n.<\/p>\n<p>Henriksen y Mortensen interpretan a un padre y a un hijo \u00abcuyos diferentes mundos colisionan\u00bb en este drama familiar producido por el sello del actor, Perceval Pictures, junto a Ingenious, Hanway Films, Scythia Films y Zephyr Films. <strong>Su estreno est\u00e1 previsto el 2 de octubre en Espa\u00f1a<\/strong>, donde la pel\u00edcula ser\u00e1 distribuida por Caramel Films y Youplanet Pictures.<\/p>\n<p>Seg\u00fan ha recordado el certamen cinematogr\u00e1fico donostiarra, en los \u00faltimos 35 a\u00f1os, Viggo Mortensen ha participado en medio centenar de pel\u00edculas -de cineastas como <strong>David Cronenberg<\/strong>, <strong>Peter Weir<\/strong>, <strong>Jane Campion<\/strong>, <strong>Peter Jackson<\/strong>, <strong>Gus Van Sant<\/strong>, <strong>Brian de Palma<\/strong>, <strong>Agust\u00edn D\u00edaz Yanes<\/strong>&#8211; en las que \u00abha estampado su sello de calidad sin importar el g\u00e9nero cinematogr\u00e1fico\u00bb.<\/p>\n<p>No solo form\u00f3 parte del elenco de la trilog\u00eda fant\u00e1stica <a href=\"https:\/\/www.abc.es\/play\/cine\/noticias\/abci-muere-88-anos-holm-actor-senor-anillos-y-carros-fuego-202006191418_noticia.html\" target=\"_blank\" rel=\"noopener\">\u00abEl se\u00f1or de los anillos\u00bb<\/a>, en la que interpret\u00f3 a <strong>Aragorn<\/strong>, sino que tambi\u00e9n ha optado al Oscar en tres ocasiones por <strong>\u00abPromesas del Este\u00bb<\/strong> (David Cronenberg, 2007), <a href=\"https:\/\/www.abc.es\/play\/cine\/noticias\/abci-mejores-peliculas-2016-para-criticos-abc-denuncia-y-poesia-temas-cine-201701010347_noticia.html\" target=\"_blank\" rel=\"noopener\">\u00abCaptain Fantastic\u00bb<\/a> (Matt Ross, 2016) y <a href=\"https:\/\/www.abc.es\/play\/cine\/oscars\/abci-premios-oscar-ganadores-roma-netflix-201902250541_noticia.html\" target=\"_blank\" rel=\"noopener\">\u00abGreen Book\u00bb<\/a> (Peter Farrelly, 2018).<\/p>\n<p>&nbsp;<\/p>\n<p>Fuente:\u00a0\u00a0 ABC Cultura<\/p>\n<p>&nbsp;<\/p>\n","protected":false},"excerpt":{"rendered":"<p>El actor y cineasta Viggo Mortensen recibir\u00e1 un Premio Donostia <a href=\"https:\/\/sertv.gob.pa\/crisolfm\/viggo-mortensen-premio-donostia-del-festival-de-san-sebastian\/\"> [&#8230;]<\/a><\/p>\n","protected":false},"author":64,"featured_media":29507,"comment_status":"closed","ping_status":"closed","sticky":false,"template":"","format":"standard","meta":{"footnotes":""},"categories":[6],"tags":[],"class_list":["post-29506","post","type-post","status-publish","format-standard","has-post-thumbnail","hentry","category-culturales"],"_links":{"self":[{"href":"https:\/\/sertv.gob.pa\/crisolfm\/wp-json\/wp\/v2\/posts\/29506","targetHints":{"allow":["GET"]}}],"collection":[{"href":"https:\/\/sertv.gob.pa\/crisolfm\/wp-json\/wp\/v2\/posts"}],"about":[{"href":"https:\/\/sertv.gob.pa\/crisolfm\/wp-json\/wp\/v2\/types\/post"}],"author":[{"embeddable":true,"href":"https:\/\/sertv.gob.pa\/crisolfm\/wp-json\/wp\/v2\/users\/64"}],"replies":[{"embeddable":true,"href":"https:\/\/sertv.gob.pa\/crisolfm\/wp-json\/wp\/v2\/comments?post=29506"}],"version-history":[{"count":1,"href":"https:\/\/sertv.gob.pa\/crisolfm\/wp-json\/wp\/v2\/posts\/29506\/revisions"}],"predecessor-version":[{"id":29508,"href":"https:\/\/sertv.gob.pa\/crisolfm\/wp-json\/wp\/v2\/posts\/29506\/revisions\/29508"}],"wp:featuredmedia":[{"embeddable":true,"href":"https:\/\/sertv.gob.pa\/crisolfm\/wp-json\/wp\/v2\/media\/29507"}],"wp:attachment":[{"href":"https:\/\/sertv.gob.pa\/crisolfm\/wp-json\/wp\/v2\/media?parent=29506"}],"wp:term":[{"taxonomy":"category","embeddable":true,"href":"https:\/\/sertv.gob.pa\/crisolfm\/wp-json\/wp\/v2\/categories?post=29506"},{"taxonomy":"post_tag","embeddable":true,"href":"https:\/\/sertv.gob.pa\/crisolfm\/wp-json\/wp\/v2\/tags?post=29506"}],"curies":[{"name":"wp","href":"https:\/\/api.w.org\/{rel}","templated":true}]}}