{"id":29532,"date":"2020-06-23T13:42:28","date_gmt":"2020-06-23T13:42:28","guid":{"rendered":"https:\/\/sertv.gob.pa\/crisolfm\/?p=29532"},"modified":"2020-06-23T13:42:28","modified_gmt":"2020-06-23T13:42:28","slug":"carlos-aguilar-navarro-ministro-de-cultura-insta-a-unir-esfuerzos-para-reactivar-sector-artistico-y-cultural","status":"publish","type":"post","link":"https:\/\/sertv.gob.pa\/crisolfm\/carlos-aguilar-navarro-ministro-de-cultura-insta-a-unir-esfuerzos-para-reactivar-sector-artistico-y-cultural\/","title":{"rendered":"Carlos Aguilar Navarro, Ministro de Cultura, insta a unir esfuerzos para reactivar sector art\u00edstico y cultural"},"content":{"rendered":"<p>El Ministro de Cultura inst\u00f3 al grupo de teatristas de Panam\u00e1 a unir esfuerzos para trabajar en soluciones ante la dif\u00edcil situaci\u00f3n que atraviesa su actividad econ\u00f3mica, que forma parte de las industrias creativas y culturales del pa\u00eds, al tiempo que reiter\u00f3 la invitaci\u00f3n a que se incluyan en el registro \u00a1S\u00famate Ya!, que existe en www.micultura.gob.pa, para que sean parte del apoyo institucional a trav\u00e9s de planes, proyectos y programas de reactivaci\u00f3n de sus emprendimientos.<\/p>\n<p>Carlos Aguilar Navarro, Ministro de Cultura, respondi\u00f3 a las inquietudes del gremio teatral, quienes recientemente advirtieron el eventual cierre de sus actividades por el impacto del Covid-19 en la econom\u00eda del pa\u00eds.<\/p>\n<p>\u201cEstamos en una situaci\u00f3n para la que nadie estaba preparado y la gente debe saber que estamos trabajando sobre la marcha, que estamos poco a poco y juntos logrando avances, siempre pensando en todos los sectores culturales del pa\u00eds\u201d, expres\u00f3 el titular de cultura. Como ministerio, estamos trabajando sin\u00e9rgicamente con todos los sectores para salir adelante.<\/p>\n<p>Con el proyecto Crea en Panam\u00e1 y los planes de reactivaci\u00f3n que se desarrollan en conjunto con instituciones como AMPYME, el Banco Nacional de Panam\u00e1 e IPACOOP, nos hallamos en capacidad como equipo de gobierno de darles apoyo en Capital Semilla, cr\u00e9ditos y pr\u00e9stamos para reactivar los emprendimientos creativos y culturales.<\/p>\n<p>\u201cLos teatristas son parte de lo que conocemos como industrias culturales y creativas y ser\u00e1n tomados en cuenta para las oportunidades de reactivaci\u00f3n econ\u00f3mica en estos momentos dif\u00edciles para todos\u201d, reforz\u00f3 el ministro.<\/p>\n<p>En cuanto al tema del eventual cierre de las salas de teatro, Aguilar Navarro manifest\u00f3 que se reuni\u00f3 con la ministra del MIVIOT, In\u00e9s Samudio, para analizar juntos la situaci\u00f3n de los due\u00f1os de salas de teatro de Panam\u00e1 en lo que se refiere a los temas de arrendamiento.<\/p>\n<p>La ministra estuvo anuente a brindar su ayuda y un equipo que asesore al gremio teatral paname\u00f1o y realizar una reuni\u00f3n con la ASTEP, los due\u00f1os de los locales dedicados al Teatro y directores del Miviot\u00a0y MiCultura, para responder sus inquietudes y orientarlos en los decretos de moratoria que los amparan en cuanto al pago de arrendamientos.<\/p>\n<p>&nbsp;<\/p>\n<p>Fuente:\u00a0 MiCultura<\/p>\n<p>&nbsp;<\/p>\n","protected":false},"excerpt":{"rendered":"<p>El Ministro de Cultura inst\u00f3 al grupo de teatristas de <a href=\"https:\/\/sertv.gob.pa\/crisolfm\/carlos-aguilar-navarro-ministro-de-cultura-insta-a-unir-esfuerzos-para-reactivar-sector-artistico-y-cultural\/\"> [&#8230;]<\/a><\/p>\n","protected":false},"author":64,"featured_media":29533,"comment_status":"closed","ping_status":"closed","sticky":false,"template":"","format":"standard","meta":{"footnotes":""},"categories":[6],"tags":[],"class_list":["post-29532","post","type-post","status-publish","format-standard","has-post-thumbnail","hentry","category-culturales"],"_links":{"self":[{"href":"https:\/\/sertv.gob.pa\/crisolfm\/wp-json\/wp\/v2\/posts\/29532","targetHints":{"allow":["GET"]}}],"collection":[{"href":"https:\/\/sertv.gob.pa\/crisolfm\/wp-json\/wp\/v2\/posts"}],"about":[{"href":"https:\/\/sertv.gob.pa\/crisolfm\/wp-json\/wp\/v2\/types\/post"}],"author":[{"embeddable":true,"href":"https:\/\/sertv.gob.pa\/crisolfm\/wp-json\/wp\/v2\/users\/64"}],"replies":[{"embeddable":true,"href":"https:\/\/sertv.gob.pa\/crisolfm\/wp-json\/wp\/v2\/comments?post=29532"}],"version-history":[{"count":1,"href":"https:\/\/sertv.gob.pa\/crisolfm\/wp-json\/wp\/v2\/posts\/29532\/revisions"}],"predecessor-version":[{"id":29534,"href":"https:\/\/sertv.gob.pa\/crisolfm\/wp-json\/wp\/v2\/posts\/29532\/revisions\/29534"}],"wp:featuredmedia":[{"embeddable":true,"href":"https:\/\/sertv.gob.pa\/crisolfm\/wp-json\/wp\/v2\/media\/29533"}],"wp:attachment":[{"href":"https:\/\/sertv.gob.pa\/crisolfm\/wp-json\/wp\/v2\/media?parent=29532"}],"wp:term":[{"taxonomy":"category","embeddable":true,"href":"https:\/\/sertv.gob.pa\/crisolfm\/wp-json\/wp\/v2\/categories?post=29532"},{"taxonomy":"post_tag","embeddable":true,"href":"https:\/\/sertv.gob.pa\/crisolfm\/wp-json\/wp\/v2\/tags?post=29532"}],"curies":[{"name":"wp","href":"https:\/\/api.w.org\/{rel}","templated":true}]}}