{"id":29540,"date":"2020-06-23T14:23:31","date_gmt":"2020-06-23T14:23:31","guid":{"rendered":"https:\/\/sertv.gob.pa\/crisolfm\/?p=29540"},"modified":"2020-06-23T14:23:31","modified_gmt":"2020-06-23T14:23:31","slug":"teatristas-micultura-y-miviot-conformaran-mesa-de-trabajo","status":"publish","type":"post","link":"https:\/\/sertv.gob.pa\/crisolfm\/teatristas-micultura-y-miviot-conformaran-mesa-de-trabajo\/","title":{"rendered":"Teatristas, MiCultura y Miviot conformar\u00e1n mesa de trabajo"},"content":{"rendered":"<p>El Ministerio de Cultura, en conjunto con el Ministerio de Vivienda y Ordenamiento Territorial y la Asociaci\u00f3n de Teatristas de Panam\u00e1 (ASTEP), conformar\u00e1n una mesa de trabajo para hallar mecanismos de soluci\u00f3n a la situaci\u00f3n que atraviesan las salas de teatro del pa\u00eds en los temas de arrendamiento luego de la crisis generada por la pandemia.<\/p>\n<p>Los representantes de ambas instituciones estatales han asegurado que acompa\u00f1ar\u00e1n a los teatristas del pa\u00eds en el establecimiento de f\u00f3rmulas, tanto gremiales como individuales, para ayudar a la supervivencia del sector.<\/p>\n<p>A criterio de Ra\u00fal David Polo, Director de Arrendamientos del MIVIOT, estas mesas de trabajo con los arrendadores y arrendatarios se han efectuado y, como producto de estos encuentros, se hacen los c\u00e1lculos promedio a futuro para llegar a alg\u00fan acuerdo en temas como el canon de arrendamiento y que se pueda mostrar t\u00e9cnicamente cu\u00e1les son sus posibilidades y que juntos encontremos las mejores alternativas.<\/p>\n<p>Daniel Dom\u00ednguez, Director de las Artes de MiCultura, agradeci\u00f3 la receptividad de los teatristas al tratar estos temas de forma interinstitucional y recalc\u00f3 que la idea de estos encuentros es que existan planteamientos concretos y provoquemos unas sesiones de lluvia de ideas para que juntos hallemos las soluciones en esta situaci\u00f3n inesperada para todos.<\/p>\n<p>&nbsp;<\/p>\n<p>Fuente:\u00a0 MiCultura<\/p>\n","protected":false},"excerpt":{"rendered":"<p>El Ministerio de Cultura, en conjunto con el Ministerio de <a href=\"https:\/\/sertv.gob.pa\/crisolfm\/teatristas-micultura-y-miviot-conformaran-mesa-de-trabajo\/\"> [&#8230;]<\/a><\/p>\n","protected":false},"author":64,"featured_media":29541,"comment_status":"closed","ping_status":"closed","sticky":false,"template":"","format":"standard","meta":{"footnotes":""},"categories":[6],"tags":[],"class_list":["post-29540","post","type-post","status-publish","format-standard","has-post-thumbnail","hentry","category-culturales"],"_links":{"self":[{"href":"https:\/\/sertv.gob.pa\/crisolfm\/wp-json\/wp\/v2\/posts\/29540","targetHints":{"allow":["GET"]}}],"collection":[{"href":"https:\/\/sertv.gob.pa\/crisolfm\/wp-json\/wp\/v2\/posts"}],"about":[{"href":"https:\/\/sertv.gob.pa\/crisolfm\/wp-json\/wp\/v2\/types\/post"}],"author":[{"embeddable":true,"href":"https:\/\/sertv.gob.pa\/crisolfm\/wp-json\/wp\/v2\/users\/64"}],"replies":[{"embeddable":true,"href":"https:\/\/sertv.gob.pa\/crisolfm\/wp-json\/wp\/v2\/comments?post=29540"}],"version-history":[{"count":1,"href":"https:\/\/sertv.gob.pa\/crisolfm\/wp-json\/wp\/v2\/posts\/29540\/revisions"}],"predecessor-version":[{"id":29542,"href":"https:\/\/sertv.gob.pa\/crisolfm\/wp-json\/wp\/v2\/posts\/29540\/revisions\/29542"}],"wp:featuredmedia":[{"embeddable":true,"href":"https:\/\/sertv.gob.pa\/crisolfm\/wp-json\/wp\/v2\/media\/29541"}],"wp:attachment":[{"href":"https:\/\/sertv.gob.pa\/crisolfm\/wp-json\/wp\/v2\/media?parent=29540"}],"wp:term":[{"taxonomy":"category","embeddable":true,"href":"https:\/\/sertv.gob.pa\/crisolfm\/wp-json\/wp\/v2\/categories?post=29540"},{"taxonomy":"post_tag","embeddable":true,"href":"https:\/\/sertv.gob.pa\/crisolfm\/wp-json\/wp\/v2\/tags?post=29540"}],"curies":[{"name":"wp","href":"https:\/\/api.w.org\/{rel}","templated":true}]}}