{"id":29563,"date":"2020-06-23T17:29:15","date_gmt":"2020-06-23T17:29:15","guid":{"rendered":"https:\/\/sertv.gob.pa\/crisolfm\/?p=29563"},"modified":"2020-06-23T17:29:15","modified_gmt":"2020-06-23T17:29:15","slug":"cines-y-museos-se-sumaran-al-desconfinamiento-en-inglaterra","status":"publish","type":"post","link":"https:\/\/sertv.gob.pa\/crisolfm\/cines-y-museos-se-sumaran-al-desconfinamiento-en-inglaterra\/","title":{"rendered":"Cines y museos se sumar\u00e1n al desconfinamiento en Inglaterra"},"content":{"rendered":"<p>El primer ministro Boris Johnson debe anunciar este martes el paso a una nueva fase de desconfinamiento en Inglaterra dentro de doce d\u00edas, con la reapertura de cines y museos, junto a bares y restaurantes, gracias a la remisi\u00f3n de la pandemia.<\/p>\n<p>Las cifras de infecci\u00f3n y mortalidad por el coronavirus en el Reino Unido, el pa\u00eds m\u00e1s castigado de Europa con 42.647 muertos, siguen disminuyendo.<\/p>\n<p>El lunes se registraron 15 fallecimientos, el nivel m\u00e1s bajo desde el 15 de marzo, aunque los datos a principios de semana suelen ser artificialmente bajos debido retrasos en los registros de s\u00e1bado y domingo.<\/p>\n<p>En este contexto, Johnson debe comparecer al mediod\u00eda ante el Parlamento para anunciar la reapertura el 4 de julio de los espacios culturales cerrados desde la instauraci\u00f3n el 23 de marzo de un confinamiento que el pa\u00eds est\u00e1 levantando progresivamente desde hace tres semanas.<\/p>\n<p>El gobierno podr\u00e1 imponer a las salas de cine o exposiciones que introduzcan medidas de distanciamiento f\u00edsico, que incluyen circulaci\u00f3n en un \u00fanico sentido, colas espaciadas, aumento de la ventilaci\u00f3n y reserva de entradas por adelantado, adelant\u00f3 una fuente de Downing Street.<\/p>\n<p>Johnson \u00abdejar\u00e1 claro que el p\u00fablico debe seguir las pautas de distanciamiento social para mantener el coronavirus bajo control\u00bb, precis\u00f3 y advirti\u00f3 de que \u00abtoda flexibilizaci\u00f3n de las restricciones puede revertirse si el virus amenaza con descontrolarse\u00bb.<\/p>\n<p>El primer ministro debe anunciar tambi\u00e9n si bares y restaurantes, peluquer\u00edas y lugares de culto pueden abrir tambi\u00e9n a principios de mes como estaba previsto y en qu\u00e9 condiciones.<\/p>\n<p>&nbsp;<\/p>\n<p>Fuente:\u00a0\u00a0 AFP<\/p>\n","protected":false},"excerpt":{"rendered":"<p>El primer ministro Boris Johnson debe anunciar este martes el <a href=\"https:\/\/sertv.gob.pa\/crisolfm\/cines-y-museos-se-sumaran-al-desconfinamiento-en-inglaterra\/\"> [&#8230;]<\/a><\/p>\n","protected":false},"author":64,"featured_media":29564,"comment_status":"closed","ping_status":"closed","sticky":false,"template":"","format":"standard","meta":{"footnotes":""},"categories":[6],"tags":[],"class_list":["post-29563","post","type-post","status-publish","format-standard","has-post-thumbnail","hentry","category-culturales"],"_links":{"self":[{"href":"https:\/\/sertv.gob.pa\/crisolfm\/wp-json\/wp\/v2\/posts\/29563","targetHints":{"allow":["GET"]}}],"collection":[{"href":"https:\/\/sertv.gob.pa\/crisolfm\/wp-json\/wp\/v2\/posts"}],"about":[{"href":"https:\/\/sertv.gob.pa\/crisolfm\/wp-json\/wp\/v2\/types\/post"}],"author":[{"embeddable":true,"href":"https:\/\/sertv.gob.pa\/crisolfm\/wp-json\/wp\/v2\/users\/64"}],"replies":[{"embeddable":true,"href":"https:\/\/sertv.gob.pa\/crisolfm\/wp-json\/wp\/v2\/comments?post=29563"}],"version-history":[{"count":1,"href":"https:\/\/sertv.gob.pa\/crisolfm\/wp-json\/wp\/v2\/posts\/29563\/revisions"}],"predecessor-version":[{"id":29565,"href":"https:\/\/sertv.gob.pa\/crisolfm\/wp-json\/wp\/v2\/posts\/29563\/revisions\/29565"}],"wp:featuredmedia":[{"embeddable":true,"href":"https:\/\/sertv.gob.pa\/crisolfm\/wp-json\/wp\/v2\/media\/29564"}],"wp:attachment":[{"href":"https:\/\/sertv.gob.pa\/crisolfm\/wp-json\/wp\/v2\/media?parent=29563"}],"wp:term":[{"taxonomy":"category","embeddable":true,"href":"https:\/\/sertv.gob.pa\/crisolfm\/wp-json\/wp\/v2\/categories?post=29563"},{"taxonomy":"post_tag","embeddable":true,"href":"https:\/\/sertv.gob.pa\/crisolfm\/wp-json\/wp\/v2\/tags?post=29563"}],"curies":[{"name":"wp","href":"https:\/\/api.w.org\/{rel}","templated":true}]}}