{"id":2958,"date":"2015-08-21T18:37:41","date_gmt":"2015-08-21T18:37:41","guid":{"rendered":""},"modified":"2015-08-21T18:37:41","modified_gmt":"2015-08-21T18:37:41","slug":"istmo-centroamericano-es-muy-vulnerable-al-cambio-climatico","status":"publish","type":"post","link":"https:\/\/sertv.gob.pa\/crisolfm\/istmo-centroamericano-es-muy-vulnerable-al-cambio-climatico\/","title":{"rendered":"Istmo centroamericano es muy vulnerable al cambio clim\u00e1tico"},"content":{"rendered":"<p>\nCon costas en los oc\u00e9anos Pac\u00edfico y Atl\u00e1ntico, el istmo centroamericano es una de las regiones m\u00e1s vulnerables del mundo ante los embates del cambio clim\u00e1tico, afirman los expertos reunidos en el IX Congreso Forestal que se lleva a cabo en el pa\u00eds desde el lunes. <\/p>\n<p>Y es que Am\u00e9rica Central tiene alrededor de 51 millones de hect\u00e1reas, de las cuales 19.5 millones son bosques, esto representa un 38% de su territorio total, de acuerdo con datos de la Organizaci\u00f3n para la Alimentaci\u00f3n y la Agricultura (FAO). <\/p>\n<p>Sin embargo, la regi\u00f3n presenta una de las mayores tasas de desaparici\u00f3n forestal del mundo, aunado al incremento de las aguas. <\/p>\n<p>\u00a0 <\/p>\n","protected":false},"excerpt":{"rendered":"<p>Con costas en los oc\u00e9anos Pac\u00edfico y Atl\u00e1ntico, el istmo <a href=\"https:\/\/sertv.gob.pa\/crisolfm\/istmo-centroamericano-es-muy-vulnerable-al-cambio-climatico\/\"> [&#8230;]<\/a><\/p>\n","protected":false},"author":1,"featured_media":2959,"comment_status":"closed","ping_status":"closed","sticky":false,"template":"","format":"standard","meta":{"footnotes":""},"categories":[7],"tags":[],"class_list":["post-2958","post","type-post","status-publish","format-standard","has-post-thumbnail","hentry","category-ecologicas"],"_links":{"self":[{"href":"https:\/\/sertv.gob.pa\/crisolfm\/wp-json\/wp\/v2\/posts\/2958","targetHints":{"allow":["GET"]}}],"collection":[{"href":"https:\/\/sertv.gob.pa\/crisolfm\/wp-json\/wp\/v2\/posts"}],"about":[{"href":"https:\/\/sertv.gob.pa\/crisolfm\/wp-json\/wp\/v2\/types\/post"}],"author":[{"embeddable":true,"href":"https:\/\/sertv.gob.pa\/crisolfm\/wp-json\/wp\/v2\/users\/1"}],"replies":[{"embeddable":true,"href":"https:\/\/sertv.gob.pa\/crisolfm\/wp-json\/wp\/v2\/comments?post=2958"}],"version-history":[{"count":0,"href":"https:\/\/sertv.gob.pa\/crisolfm\/wp-json\/wp\/v2\/posts\/2958\/revisions"}],"wp:featuredmedia":[{"embeddable":true,"href":"https:\/\/sertv.gob.pa\/crisolfm\/wp-json\/wp\/v2\/media\/2959"}],"wp:attachment":[{"href":"https:\/\/sertv.gob.pa\/crisolfm\/wp-json\/wp\/v2\/media?parent=2958"}],"wp:term":[{"taxonomy":"category","embeddable":true,"href":"https:\/\/sertv.gob.pa\/crisolfm\/wp-json\/wp\/v2\/categories?post=2958"},{"taxonomy":"post_tag","embeddable":true,"href":"https:\/\/sertv.gob.pa\/crisolfm\/wp-json\/wp\/v2\/tags?post=2958"}],"curies":[{"name":"wp","href":"https:\/\/api.w.org\/{rel}","templated":true}]}}