{"id":29611,"date":"2020-06-24T20:45:32","date_gmt":"2020-06-24T20:45:32","guid":{"rendered":"https:\/\/sertv.gob.pa\/crisolfm\/?p=29611"},"modified":"2020-06-24T20:45:32","modified_gmt":"2020-06-24T20:45:32","slug":"muere-marc-fumaroli-el-gran-critico-literario-y-humanista-de-francia","status":"publish","type":"post","link":"https:\/\/sertv.gob.pa\/crisolfm\/muere-marc-fumaroli-el-gran-critico-literario-y-humanista-de-francia\/","title":{"rendered":"Muere Marc Fumaroli, el gran cr\u00edtico literario y humanista de Francia"},"content":{"rendered":"<p>Ha muerto <strong>Marc Fumaroli <\/strong>(Marsella, 1932 &#8211; Par\u00eds, 24 junio 2020), el m\u00e1s grande de los cr\u00edticos literarios franceses de nuestro tiempo, un humanista excepcional que consideraba que la cultura est\u00e1 amenazada por las burocracias estatales y el mercado de las nader\u00edas \u00abart\u00edsticas\u00bb.<\/p>\n<p>Profesor universitario, acad\u00e9mico, especialista em\u00e9rito en la cultura francesa cl\u00e1sica, varios de sus ensayos contribuyeron a cambiar el rumbo de nuestra percepci\u00f3n del puesto de la cultura en las sociedades occidentales de finales del siglo XX y principios del siglo XXI.<\/p>\n<p>Su formaci\u00f3n cl\u00e1sica y sus primeros escritos comenzaron por revisar los c\u00e1nones de la modernidad literaria.<\/p>\n<p>A partir de los a\u00f1os ochenta del siglo pasado, sus ensayos estuvieron consagrados de manera esencial a criticar las nuevas \u00abperversiones\u00bb, burocr\u00e1ticas y mercantilistas, que amenazan la cultura, las literaturas y la vida espiritual, en un sentido muy amplio.<\/p>\n<p>Cuando triunfaba la \u00abcultura de Estado\u00bb, la cultura puesta al servicio de las \u00abceremonias de consagraci\u00f3n del poder pol\u00edtico\u00bb, Fumaroli public\u00f3 uno de sus libros m\u00e1s famosos, \u00abEl Estado cultural\u00bb (1991), un ataque frontal contra el Estado de la cultura bajo la presidencia de <strong>Fran\u00e7ois Mitterrand <\/strong>(1981 &#8211; 1995). Fumaroli insist\u00eda en un punto central: el Estado se \u00abextrav\u00eda\u00bb y \u00abcorrompe\u00bb la cultura, cuando el poder pol\u00edtico, a trav\u00e9s de sus burocracias, convierte la cultura en una \u00abherramienta\u00bb al servicio publicitario de los pol\u00edticos de turno, siempre dispuestos a pagar con subvenciones y prebendas los \u00abservicios prestados\u00bb por artistas y creadores dispuestos a convertirse en \u00ablacayos\u00bb sumisos a la burocracia ideol\u00f3gica de turno.<\/p>\n<p>A\u00f1os m\u00e1s tarde, el 2009, Fumaroli public\u00f3 otro libro de cr\u00edtica, muy mayor, \u00ab<strong>Paris-New York, ida y vuelta<\/strong>\u00bb. Con la precisi\u00f3n del entom\u00f3logo, el gran humanista formado en los cl\u00e1sicos del canon franc\u00e9s, denunciaba el desarraigo y los estragos de un arte contempor\u00e1neo perdido en el desierto de las vanguardias muertas. Fumaroli insist\u00eda en varias cuestiones capitales: descarriadas, entre las burocracias ideol\u00f3gicas y las burocracias mercantiles, las sucesivas escuelas art\u00edsticas contempor\u00e1neas se devoraban las unas a las otras, dejando como \u00fanico rastro desiertos de cenizas fr\u00edas, vendidas a precio de oro.<\/p>\n<p>&nbsp;<\/p>\n<p>Fuente:\u00a0\u00a0 ABC Cultura<\/p>\n","protected":false},"excerpt":{"rendered":"<p>Ha muerto Marc Fumaroli (Marsella, 1932 &#8211; Par\u00eds, 24 junio <a href=\"https:\/\/sertv.gob.pa\/crisolfm\/muere-marc-fumaroli-el-gran-critico-literario-y-humanista-de-francia\/\"> [&#8230;]<\/a><\/p>\n","protected":false},"author":64,"featured_media":29612,"comment_status":"closed","ping_status":"closed","sticky":false,"template":"","format":"standard","meta":{"footnotes":""},"categories":[6],"tags":[],"class_list":["post-29611","post","type-post","status-publish","format-standard","has-post-thumbnail","hentry","category-culturales"],"_links":{"self":[{"href":"https:\/\/sertv.gob.pa\/crisolfm\/wp-json\/wp\/v2\/posts\/29611","targetHints":{"allow":["GET"]}}],"collection":[{"href":"https:\/\/sertv.gob.pa\/crisolfm\/wp-json\/wp\/v2\/posts"}],"about":[{"href":"https:\/\/sertv.gob.pa\/crisolfm\/wp-json\/wp\/v2\/types\/post"}],"author":[{"embeddable":true,"href":"https:\/\/sertv.gob.pa\/crisolfm\/wp-json\/wp\/v2\/users\/64"}],"replies":[{"embeddable":true,"href":"https:\/\/sertv.gob.pa\/crisolfm\/wp-json\/wp\/v2\/comments?post=29611"}],"version-history":[{"count":1,"href":"https:\/\/sertv.gob.pa\/crisolfm\/wp-json\/wp\/v2\/posts\/29611\/revisions"}],"predecessor-version":[{"id":29613,"href":"https:\/\/sertv.gob.pa\/crisolfm\/wp-json\/wp\/v2\/posts\/29611\/revisions\/29613"}],"wp:featuredmedia":[{"embeddable":true,"href":"https:\/\/sertv.gob.pa\/crisolfm\/wp-json\/wp\/v2\/media\/29612"}],"wp:attachment":[{"href":"https:\/\/sertv.gob.pa\/crisolfm\/wp-json\/wp\/v2\/media?parent=29611"}],"wp:term":[{"taxonomy":"category","embeddable":true,"href":"https:\/\/sertv.gob.pa\/crisolfm\/wp-json\/wp\/v2\/categories?post=29611"},{"taxonomy":"post_tag","embeddable":true,"href":"https:\/\/sertv.gob.pa\/crisolfm\/wp-json\/wp\/v2\/tags?post=29611"}],"curies":[{"name":"wp","href":"https:\/\/api.w.org\/{rel}","templated":true}]}}