{"id":29651,"date":"2020-06-25T14:21:02","date_gmt":"2020-06-25T14:21:02","guid":{"rendered":"https:\/\/sertv.gob.pa\/crisolfm\/?p=29651"},"modified":"2020-06-25T14:21:02","modified_gmt":"2020-06-25T14:21:02","slug":"atrasan-reapertura-de-disneyland-en-california-ante-record-de-casos-de-covid-19","status":"publish","type":"post","link":"https:\/\/sertv.gob.pa\/crisolfm\/atrasan-reapertura-de-disneyland-en-california-ante-record-de-casos-de-covid-19\/","title":{"rendered":"Atrasan reapertura de Disneyland en California ante r\u00e9cord de casos de covid-19"},"content":{"rendered":"<p>Disney inform\u00f3 este mi\u00e9rcoles que pospondr\u00e1 la reapertura de su parque de atracciones en California en medio de una alarmante alza en casos de coronavirus en este populoso estado de Estados Unidos.<\/p>\n<p>La empresa ten\u00eda previsto abrir el tradicional Disneyland y su vecino Disney California Adventure, ubicados en las afueras de Los \u00c1ngeles, el 17 de julio, seg\u00fan un plan que a\u00fan precisaba la aprobaci\u00f3n de las autoridades locales.<\/p>\n<p>Disney explic\u00f3 en un comunicado que las autoridades californianas no emitir\u00e1n las directrices de reapertura antes del 4 de julio, lo que dejar\u00eda a los parques tem\u00e1ticos, hoteles y tiendas con tiempo insuficiente para reiniciar como se propuso.<\/p>\n<p>\u00abDado el tiempo que se requiere para que podamos traer a miles de miembros del equipo de vuelta a trabajar y reiniciar nuestro negocio, no tenemos otra opci\u00f3n que retrasar la reapertura de nuestros parques tem\u00e1ticos y hoteles hasta que recibamos la aprobaci\u00f3n de los funcionarios del gobierno\u00bb, se\u00f1al\u00f3 el texto, en el que no se anunci\u00f3 una nueva fecha tentativa para reiniciar operaciones.<\/p>\n<p>Disneyland es el segundo parque de atracciones m\u00e1s visitado del mundo, que atrajo a decenas de miles de visitantes cada d\u00eda, hasta que en marzo tuvo que cerrar debido a las preocupaciones sobre el coronavirus.<\/p>\n<p>Otros parques tem\u00e1ticos de Disney abrieron como Hong Kong y Shangh\u00e1i.<\/p>\n<p>Tokyo Disney tiene previsto reabrir el 1 de julio, mientras que el de Par\u00eds y el complejo de parques en Florida deben arrancar a medidos de julio.<\/p>\n<p>California, el estado m\u00e1s poblado del pa\u00eds, registr\u00f3 el martes un r\u00e9cord diario de 7.149 casos positivos de covid-19, superando en total los 190.0000 infectados.<\/p>\n<p>&nbsp;<\/p>\n<p>Fuente:\u00a0 AFP<\/p>\n","protected":false},"excerpt":{"rendered":"<p>Disney inform\u00f3 este mi\u00e9rcoles que pospondr\u00e1 la reapertura de su <a href=\"https:\/\/sertv.gob.pa\/crisolfm\/atrasan-reapertura-de-disneyland-en-california-ante-record-de-casos-de-covid-19\/\"> [&#8230;]<\/a><\/p>\n","protected":false},"author":64,"featured_media":29652,"comment_status":"closed","ping_status":"closed","sticky":false,"template":"","format":"standard","meta":{"footnotes":""},"categories":[6],"tags":[],"class_list":["post-29651","post","type-post","status-publish","format-standard","has-post-thumbnail","hentry","category-culturales"],"_links":{"self":[{"href":"https:\/\/sertv.gob.pa\/crisolfm\/wp-json\/wp\/v2\/posts\/29651","targetHints":{"allow":["GET"]}}],"collection":[{"href":"https:\/\/sertv.gob.pa\/crisolfm\/wp-json\/wp\/v2\/posts"}],"about":[{"href":"https:\/\/sertv.gob.pa\/crisolfm\/wp-json\/wp\/v2\/types\/post"}],"author":[{"embeddable":true,"href":"https:\/\/sertv.gob.pa\/crisolfm\/wp-json\/wp\/v2\/users\/64"}],"replies":[{"embeddable":true,"href":"https:\/\/sertv.gob.pa\/crisolfm\/wp-json\/wp\/v2\/comments?post=29651"}],"version-history":[{"count":1,"href":"https:\/\/sertv.gob.pa\/crisolfm\/wp-json\/wp\/v2\/posts\/29651\/revisions"}],"predecessor-version":[{"id":29653,"href":"https:\/\/sertv.gob.pa\/crisolfm\/wp-json\/wp\/v2\/posts\/29651\/revisions\/29653"}],"wp:featuredmedia":[{"embeddable":true,"href":"https:\/\/sertv.gob.pa\/crisolfm\/wp-json\/wp\/v2\/media\/29652"}],"wp:attachment":[{"href":"https:\/\/sertv.gob.pa\/crisolfm\/wp-json\/wp\/v2\/media?parent=29651"}],"wp:term":[{"taxonomy":"category","embeddable":true,"href":"https:\/\/sertv.gob.pa\/crisolfm\/wp-json\/wp\/v2\/categories?post=29651"},{"taxonomy":"post_tag","embeddable":true,"href":"https:\/\/sertv.gob.pa\/crisolfm\/wp-json\/wp\/v2\/tags?post=29651"}],"curies":[{"name":"wp","href":"https:\/\/api.w.org\/{rel}","templated":true}]}}