{"id":29654,"date":"2020-06-25T14:51:40","date_gmt":"2020-06-25T14:51:40","guid":{"rendered":"https:\/\/sertv.gob.pa\/crisolfm\/?p=29654"},"modified":"2020-06-25T14:51:40","modified_gmt":"2020-06-25T14:51:40","slug":"colocan-una-bolsa-de-plastico-en-la-cabeza-de-la-estatua-de-fray-junipero-en-su-pueblo-natal","status":"publish","type":"post","link":"https:\/\/sertv.gob.pa\/crisolfm\/colocan-una-bolsa-de-plastico-en-la-cabeza-de-la-estatua-de-fray-junipero-en-su-pueblo-natal\/","title":{"rendered":"Colocan una bolsa de pl\u00e1stico en la cabeza de la estatua de fray Jun\u00edpero en su pueblo natal"},"content":{"rendered":"<p>La estatua dedicada a <strong>fray Jun\u00edpero Serra<\/strong> en su localidad natal, el municipio mallorqu\u00edn de Petra, ha amanecido esta ma\u00f1ana con una bolsa de pl\u00e1stico colocada en la cabeza de la citada escultura. Una vez descubierto este acto vand\u00e1lico, <strong>la bolsa ha sido retirada de inmediato por operarios municipales<\/strong>. El alcalde del municipio, Salvador Femen\u00edas, del partido nacionalista de centro Proposta per les Illes (PI), ha condenado ese ataque.<\/p>\n<p>El suceso ha tenido lugar dos d\u00edas despu\u00e9s de que en la madrugada del pasado lunes la estatua de fray Jun\u00edpero ubicada en Palma de Mallorca hubiera sido ya v\u00edctima de otro acto vand\u00e1lico. En concreto, alguien escribi\u00f3 con pintura roja la palabra \u00abracista\u00bb en su base de piedra. La pintura salpic\u00f3 la propia escultura de bronce, en donde aparece la figura del santo mallorqu\u00edn acompa\u00f1ada por la de un nativo de las tierras de California, que evangeliz\u00f3 en el siglo XVIII. Ese mismo lunes, varios miembros de la Hermandad de la Santa Caridad de Palma limpiaron de manera voluntaria y desinteresada el monumento.<\/p>\n<p>M\u00e1s all\u00e1 de la actuaci\u00f3n de la citada cofrad\u00eda, un equipo de operarios de la Empresa Municipal de Aguas y Alcantarillado del Ayuntamiento de Palma culmin\u00f3 ayer la tarea de recuperaci\u00f3n y rehabilitaci\u00f3n de la estatua, siguiendo el protocolo establecido por el cronista oficial del consistorio palmesano. As\u00ed, se procedi\u00f3 a limpiar la escultura con agua a una presi\u00f3n alta, para decapar de forma suave la superficie, eliminar la pintura y no da\u00f1ar las dos figuras de bronce.<\/p>\n<p>Esos ataques en Petra y en Palma han tenido lugar despu\u00e9s de que el pasado fin de semana hubieran sido derribadas sendas estatuas de fray Jun\u00edpero en Estados Unidos, una el viernes en San Francisco y la otra el s\u00e1bado en Los \u00c1ngeles. Se da la circunstancia de que l<strong>a canonizaci\u00f3n de esta figura clave del catolicismo espa\u00f1ol se produjo el 23 de septiembre de 2015 en el propio pa\u00eds norteamericano<\/strong>, en la Bas\u00edlica Inmaculada Concepci\u00f3n de Washington. El Papa Francisco, que presidi\u00f3 la ceremonia, recalc\u00f3 entonces que el llamado \u00abap\u00f3stol de California\u00bb siempre busc\u00f3 \u00abdefender la dignidad de la comunidad nativa\u00bb.<\/p>\n<p>&nbsp;<\/p>\n<p>Fuente:\u00a0 ABC Cultura<\/p>\n","protected":false},"excerpt":{"rendered":"<p>La estatua dedicada a fray Jun\u00edpero Serra en su localidad <a href=\"https:\/\/sertv.gob.pa\/crisolfm\/colocan-una-bolsa-de-plastico-en-la-cabeza-de-la-estatua-de-fray-junipero-en-su-pueblo-natal\/\"> [&#8230;]<\/a><\/p>\n","protected":false},"author":64,"featured_media":29655,"comment_status":"closed","ping_status":"closed","sticky":false,"template":"","format":"standard","meta":{"footnotes":""},"categories":[6],"tags":[],"class_list":["post-29654","post","type-post","status-publish","format-standard","has-post-thumbnail","hentry","category-culturales"],"_links":{"self":[{"href":"https:\/\/sertv.gob.pa\/crisolfm\/wp-json\/wp\/v2\/posts\/29654","targetHints":{"allow":["GET"]}}],"collection":[{"href":"https:\/\/sertv.gob.pa\/crisolfm\/wp-json\/wp\/v2\/posts"}],"about":[{"href":"https:\/\/sertv.gob.pa\/crisolfm\/wp-json\/wp\/v2\/types\/post"}],"author":[{"embeddable":true,"href":"https:\/\/sertv.gob.pa\/crisolfm\/wp-json\/wp\/v2\/users\/64"}],"replies":[{"embeddable":true,"href":"https:\/\/sertv.gob.pa\/crisolfm\/wp-json\/wp\/v2\/comments?post=29654"}],"version-history":[{"count":1,"href":"https:\/\/sertv.gob.pa\/crisolfm\/wp-json\/wp\/v2\/posts\/29654\/revisions"}],"predecessor-version":[{"id":29656,"href":"https:\/\/sertv.gob.pa\/crisolfm\/wp-json\/wp\/v2\/posts\/29654\/revisions\/29656"}],"wp:featuredmedia":[{"embeddable":true,"href":"https:\/\/sertv.gob.pa\/crisolfm\/wp-json\/wp\/v2\/media\/29655"}],"wp:attachment":[{"href":"https:\/\/sertv.gob.pa\/crisolfm\/wp-json\/wp\/v2\/media?parent=29654"}],"wp:term":[{"taxonomy":"category","embeddable":true,"href":"https:\/\/sertv.gob.pa\/crisolfm\/wp-json\/wp\/v2\/categories?post=29654"},{"taxonomy":"post_tag","embeddable":true,"href":"https:\/\/sertv.gob.pa\/crisolfm\/wp-json\/wp\/v2\/tags?post=29654"}],"curies":[{"name":"wp","href":"https:\/\/api.w.org\/{rel}","templated":true}]}}