{"id":29668,"date":"2020-06-25T16:47:30","date_gmt":"2020-06-25T16:47:30","guid":{"rendered":"https:\/\/sertv.gob.pa\/crisolfm\/?p=29668"},"modified":"2020-06-25T16:47:30","modified_gmt":"2020-06-25T16:47:30","slug":"woody-allen-inaugurara-el-festival-de-cine-de-san-sebastian","status":"publish","type":"post","link":"https:\/\/sertv.gob.pa\/crisolfm\/woody-allen-inaugurara-el-festival-de-cine-de-san-sebastian\/","title":{"rendered":"Woody Allen inaugurar\u00e1 el Festival de Cine de San Sebasti\u00e1n"},"content":{"rendered":"<p>\u00ab<a href=\"https:\/\/www.abc.es\/play\/cine\/noticias\/abci-woody-allen-presenta-nueva-pelicula-sin-pensar-jubilacion-morire-plato-o-rodando-201907091524_noticia.html\" target=\"_blank\" rel=\"noopener\">Rifkin\u00b4s Festival<\/a>\u00bb, la \u00faltima pel\u00edcula de Woody Allen, abrir\u00e1 la 68 edici\u00f3n del <a href=\"https:\/\/www.abc.es\/play\/cine\/noticias\/abci-jose-luis-rebordinos-festival-san-sebastian-sera-presencial-o-no-sera-202005240218_noticia.html\" target=\"_blank\" rel=\"noopener\">Festival de Cine de San Sebasti\u00e1n<\/a>. El cineasta neoyorquino estrenar\u00e1 mundialmente su \u00faltimo filme en la ciudad donde lo rod\u00f3 el pasado verano.<\/p>\n<p>De esta manera, el d\u00eda 18 de septiembre, si no hay cambio de planes por el coronavirus, el certamen donostiarra inaugurar\u00e1 su 68 edici\u00f3n con la cinta de Woody Allen, que se ha programado fuera de concurso.<\/p>\n<p>As\u00ed lo ha comunicado este jueves el festival en un comunicado, en el que recuerda que esta es la segunda vez que el autor de \u00abAnnie Hall\u00bb abre el Festival, tras hacerlo en 2004 con \u00ab<strong>Melinda y Melinda<\/strong>\u00bb, que \u00e9l mismo present\u00f3 a la prensa internacional en el centro Kursaal en el a\u00f1o en que adem\u00e1s recibi\u00f3 el Premio Donostia y el Festival le dedic\u00f3 una retrospectiva.<\/p>\n<p>Para su \u00faltimo trabajo, Allen ha contado con un reparto que mezcla nombres nacionales \u2013Elena Anaya, Sergi L\u00f3pez\u2013 con estrellas internacionales como Louis Garrel, Gina Gershon, Wallace Shawn o Christoph Waltz.<\/p>\n<p>\u00abRifkin&#8217;s Festival\u00bb es una comedia rom\u00e1ntica que narra la historia de un matrimonio estadounidense que acude a San Sebasti\u00e1n y queda prendado del festival, as\u00ed como de la belleza y encanto de Espa\u00f1a y la fantas\u00eda del mundo del cine. \u00abElla tiene un affaire con un brillante director de cine franc\u00e9s y \u00e9l se enamora de una bella espa\u00f1ola residente en la ciudad. <strong>Es una comedia rom\u00e1ntica que se resuelve de un modo divertido\u00bb<\/strong>, adelanta el certamen.<\/p>\n<p>&nbsp;<\/p>\n<p>ABC Cultura<\/p>\n","protected":false},"excerpt":{"rendered":"<p>\u00abRifkin\u00b4s Festival\u00bb, la \u00faltima pel\u00edcula de Woody Allen, abrir\u00e1 la <a href=\"https:\/\/sertv.gob.pa\/crisolfm\/woody-allen-inaugurara-el-festival-de-cine-de-san-sebastian\/\"> [&#8230;]<\/a><\/p>\n","protected":false},"author":64,"featured_media":29670,"comment_status":"closed","ping_status":"closed","sticky":false,"template":"","format":"standard","meta":{"footnotes":""},"categories":[6],"tags":[],"class_list":["post-29668","post","type-post","status-publish","format-standard","has-post-thumbnail","hentry","category-culturales"],"_links":{"self":[{"href":"https:\/\/sertv.gob.pa\/crisolfm\/wp-json\/wp\/v2\/posts\/29668","targetHints":{"allow":["GET"]}}],"collection":[{"href":"https:\/\/sertv.gob.pa\/crisolfm\/wp-json\/wp\/v2\/posts"}],"about":[{"href":"https:\/\/sertv.gob.pa\/crisolfm\/wp-json\/wp\/v2\/types\/post"}],"author":[{"embeddable":true,"href":"https:\/\/sertv.gob.pa\/crisolfm\/wp-json\/wp\/v2\/users\/64"}],"replies":[{"embeddable":true,"href":"https:\/\/sertv.gob.pa\/crisolfm\/wp-json\/wp\/v2\/comments?post=29668"}],"version-history":[{"count":1,"href":"https:\/\/sertv.gob.pa\/crisolfm\/wp-json\/wp\/v2\/posts\/29668\/revisions"}],"predecessor-version":[{"id":29671,"href":"https:\/\/sertv.gob.pa\/crisolfm\/wp-json\/wp\/v2\/posts\/29668\/revisions\/29671"}],"wp:featuredmedia":[{"embeddable":true,"href":"https:\/\/sertv.gob.pa\/crisolfm\/wp-json\/wp\/v2\/media\/29670"}],"wp:attachment":[{"href":"https:\/\/sertv.gob.pa\/crisolfm\/wp-json\/wp\/v2\/media?parent=29668"}],"wp:term":[{"taxonomy":"category","embeddable":true,"href":"https:\/\/sertv.gob.pa\/crisolfm\/wp-json\/wp\/v2\/categories?post=29668"},{"taxonomy":"post_tag","embeddable":true,"href":"https:\/\/sertv.gob.pa\/crisolfm\/wp-json\/wp\/v2\/tags?post=29668"}],"curies":[{"name":"wp","href":"https:\/\/api.w.org\/{rel}","templated":true}]}}