{"id":29675,"date":"2020-06-25T17:51:35","date_gmt":"2020-06-25T17:51:35","guid":{"rendered":"https:\/\/sertv.gob.pa\/crisolfm\/?p=29675"},"modified":"2020-06-25T17:51:35","modified_gmt":"2020-06-25T17:51:35","slug":"la-torre-eiffel-reabre-a-ritmo-de-batucada-con-mascaras-y-velos-islamicos","status":"publish","type":"post","link":"https:\/\/sertv.gob.pa\/crisolfm\/la-torre-eiffel-reabre-a-ritmo-de-batucada-con-mascaras-y-velos-islamicos\/","title":{"rendered":"La Torre Eiffel reabre a ritmo de batucada, con m\u00e1scaras y velos isl\u00e1micos"},"content":{"rendered":"<p>La <a href=\"https:\/\/www.abc.es\/internacional\/europa\/francia\/torre-eiffel\/\" target=\"_blank\" rel=\"noopener\">Torre Eiffel<\/a>, uno de los monumentos emblem\u00e1ticos de Par\u00eds, reabri\u00f3 muy parcialmente este jueves, tras un <strong>cierre de 104 d\u00edas<\/strong>, con un \u00e9xito de p\u00fablico alarmantemente bajo, de entrada.<\/p>\n<p>La Alcald\u00eda de Par\u00eds y la empresa gestora de la Torre han montado un servicio publicitario especial, con mucha fotograf\u00eda y \u201canimaciones musicales\u201d, intentando seducir a unos <strong>turistas todav\u00eda remisos<\/strong> a descubrir los encantos de la Torre, sin ascensores, a pie, desde los dos primeros pisos del edificio, tras m\u00e1s de setecientos pelda\u00f1os, con m\u00e1scara y una temperatura de m\u00e1s de 30 grados, entre sol y sombra.<\/p>\n<p>Durante la \u00faltima d\u00e9cada, la <a href=\"https:\/\/www.abc.es\/internacional\/europa\/francia\/torre-eiffel\/\" target=\"_blank\" rel=\"noopener\">Torre Eiffel<\/a> ha sido <strong>visitada anualmente por 6 o 7 millones de turistas<\/strong>, unos 19.000 por d\u00eda, con colas de varios centenares de metros, a la espera de contemplar una panor\u00e1mica excepcional.<\/p>\n<p>Hacia las diez de la ma\u00f1ana del jueves, una \u201corquesta\u201d pertrechada con tambores afro brasile\u00f1os intentaba \u201cdar marcha\u201d y \u00e1nimos a medio centenar muy corto de turistas esperados con generosas sonrisas por el numeroso personal de la <a href=\"https:\/\/www.abc.es\/internacional\/europa\/francia\/torre-eiffel\/\" target=\"_blank\" rel=\"noopener\">Torre<\/a>. Las puertas se abrieron al ritmo de una \u201cbatucada\u201d (ritmo brasile\u00f1o con influencias africanas), interpretada con mucho br\u00edo f\u00edsico por la \u201corquesta\u201d contratada para ofrecer un espect\u00e1culo gratuito.<\/p>\n<p>Entre el <strong>medio centenar corto de animosos turistas<\/strong> no faltaban varias familias musulmanas, con se\u00f1oras y se\u00f1oritas luciendo lujosos velos isl\u00e1micos, no siempre al tono de las m\u00e1scaras y mascarillas de imprescindible rigor sanitario.<\/p>\n<p>La <a href=\"https:\/\/www.abc.es\/internacional\/europa\/francia\/torre-eiffel\/\" target=\"_blank\" rel=\"noopener\"><strong>Torre Eiffel<\/strong><\/a> ha venido perdiendo unos diez millones de euros mensuales, durante la <strong>pandemia<\/strong>. Tras la \u201cbatucada\u201d de la reapertura, los gestores tienen previstas nuevas \u201ciniciativas\u201d, no menos coloristas, con el fin de reconquistar la clientela perdida.<\/p>\n<p>Ser\u00e1 necesaria mucha imaginaci\u00f3n para devolver a la <a href=\"https:\/\/www.abc.es\/internacional\/europa\/francia\/torre-eiffel\/\" target=\"_blank\" rel=\"noopener\">Torre<\/a> el atractivo anterior a la pandemia. De momento, <strong>solo est\u00e1 abierta una parte, y no funcionan los ascensores<\/strong>: la subida de setecientos escalones puede tener un car\u00e1cter muy disuasivo para no pocos turistas, sensibles o insensibles a las \u201cbatucadas\u00bb.<\/p>\n<p>Las <strong>medidas sanitarias<\/strong> de rigor son muy estrictas. Los interesados deber\u00e1n subir y bajar a pie, con mascarilla, respetando entre metro y medio y dos metros de distancia. <strong>Solo hay acceso a los primeros pisos<\/strong> de la Torre. La reapertura ha tenido otro punto \u201crojo\u201d: Par\u00eds sufre este jueves y sufrir\u00e1 los pr\u00f3ximos d\u00edas una ola de calor de cierta importancia, con temperaturas de 30 a 35 grados cent\u00edgrados.<\/p>\n<p>&nbsp;<\/p>\n<p>ABC Cultura<\/p>\n","protected":false},"excerpt":{"rendered":"<p>La Torre Eiffel, uno de los monumentos emblem\u00e1ticos de Par\u00eds, <a href=\"https:\/\/sertv.gob.pa\/crisolfm\/la-torre-eiffel-reabre-a-ritmo-de-batucada-con-mascaras-y-velos-islamicos\/\"> [&#8230;]<\/a><\/p>\n","protected":false},"author":64,"featured_media":29676,"comment_status":"closed","ping_status":"closed","sticky":false,"template":"","format":"standard","meta":{"footnotes":""},"categories":[6],"tags":[],"class_list":["post-29675","post","type-post","status-publish","format-standard","has-post-thumbnail","hentry","category-culturales"],"_links":{"self":[{"href":"https:\/\/sertv.gob.pa\/crisolfm\/wp-json\/wp\/v2\/posts\/29675","targetHints":{"allow":["GET"]}}],"collection":[{"href":"https:\/\/sertv.gob.pa\/crisolfm\/wp-json\/wp\/v2\/posts"}],"about":[{"href":"https:\/\/sertv.gob.pa\/crisolfm\/wp-json\/wp\/v2\/types\/post"}],"author":[{"embeddable":true,"href":"https:\/\/sertv.gob.pa\/crisolfm\/wp-json\/wp\/v2\/users\/64"}],"replies":[{"embeddable":true,"href":"https:\/\/sertv.gob.pa\/crisolfm\/wp-json\/wp\/v2\/comments?post=29675"}],"version-history":[{"count":1,"href":"https:\/\/sertv.gob.pa\/crisolfm\/wp-json\/wp\/v2\/posts\/29675\/revisions"}],"predecessor-version":[{"id":29678,"href":"https:\/\/sertv.gob.pa\/crisolfm\/wp-json\/wp\/v2\/posts\/29675\/revisions\/29678"}],"wp:featuredmedia":[{"embeddable":true,"href":"https:\/\/sertv.gob.pa\/crisolfm\/wp-json\/wp\/v2\/media\/29676"}],"wp:attachment":[{"href":"https:\/\/sertv.gob.pa\/crisolfm\/wp-json\/wp\/v2\/media?parent=29675"}],"wp:term":[{"taxonomy":"category","embeddable":true,"href":"https:\/\/sertv.gob.pa\/crisolfm\/wp-json\/wp\/v2\/categories?post=29675"},{"taxonomy":"post_tag","embeddable":true,"href":"https:\/\/sertv.gob.pa\/crisolfm\/wp-json\/wp\/v2\/tags?post=29675"}],"curies":[{"name":"wp","href":"https:\/\/api.w.org\/{rel}","templated":true}]}}