{"id":29703,"date":"2020-06-26T14:21:17","date_gmt":"2020-06-26T14:21:17","guid":{"rendered":"https:\/\/sertv.gob.pa\/crisolfm\/?p=29703"},"modified":"2020-06-26T14:21:17","modified_gmt":"2020-06-26T14:21:17","slug":"el-museo-carmen-thyssen-de-andorra-anuncia-la-presentacion-del-mata-mua","status":"publish","type":"post","link":"https:\/\/sertv.gob.pa\/crisolfm\/el-museo-carmen-thyssen-de-andorra-anuncia-la-presentacion-del-mata-mua\/","title":{"rendered":"El Museo Carmen Thyssen de Andorra anuncia la presentaci\u00f3n del \u00abMata Mua\u00bb"},"content":{"rendered":"<p>El <strong>Museo Carmen Thyssen Andorra <\/strong>ha anunciado este jueves la presentaci\u00f3n, el pr\u00f3ximo 30 de junio, del <strong>\u00abMata Mua\u00bb<\/strong>, de <strong>Paul Gauguin<\/strong>, objeto de controversia por su salida del Thyssen de Madrid en el marco de las negociaciones para un acuerdo de cesi\u00f3n a Espa\u00f1a de la colecci\u00f3n privada de la baronesa.<\/p>\n<p>El museo andorrano ha convocado a los medios a la presentaci\u00f3n de la obra en una <a href=\"https:\/\/www.abc.es\/cultura\/arte\/abci-carmen-thyssen-no-tengo-chantajear-cuadros-esta-bien-202006202121_noticia.html\" target=\"_blank\" rel=\"noopener\">rueda de prensa a cargo del director art\u00edstico y conservador de la Colecci\u00f3n Thyssen-Bornemisza<\/a>, Guillermo Cervera, aunque no da a conocer m\u00e1s detalles sobre la llegada del cuadro a este centro o sus planes para la misma.<\/p>\n<p>La salida de \u00abMata Mua\u00bb del Museo Thyssen Bornemisza de Madrid el pasado mes de abril suscit\u00f3 una fuerte pol\u00e9mica, ya que fue sacada del museo cuando la instalaci\u00f3n estaba cerrada por la crisis del coronavirus y porque se consideraba un chantaje para cerrar unas negociaciones estancadas desde hace a\u00f1os.<\/p>\n<p>Adem\u00e1s <a href=\"https:\/\/www.abc.es\/cultura\/arte\/abci-rodriguez-uribes-ofrece-carmen-thyssen-llegar-acuerdo-economico-incluya-mata-202006151147_noticia.html\" target=\"_blank\" rel=\"noopener\">del \u00abMata Mua\u00bb, la joya de su colecci\u00f3n, la baronesa Carmen Thyssen se llev\u00f3 otros tres cuadros<\/a>: \u00abMartha Mckeen de Wellfleet\u00bb (1944), de Hopper -que ahora est\u00e1 cedido para una exposici\u00f3n en Basilea-; \u00abEl puente de Charing Cross\u00bb (1899), de Monet y \u00abCaballos de carreras en un paisaje (1894), de Degas.<\/p>\n<p>Todas las obras son de un gran valor, pero \u00abMata Mua\u00bb (traducido como \u00abErase una vez\u00bb), es la m\u00e1s excepcional y su posible venta en una subasta alcanzar\u00eda una cifra r\u00e9cord.<\/p>\n<p>La obra \u00abdispon\u00eda de licencia de exportaci\u00f3n definitiva desde el 13 de diciembre de 2019\u00bb por silencio administrativo, por lo que nadie se pod\u00eda oponer a su salida, seg\u00fan se\u00f1al\u00f3 en una carta remitida a Efe el Secretario General de Cultura del Ministerio de Cultura y Deporte, Javier Garc\u00eda Fern\u00e1ndez, ante las \u00abfantasiosas informaciones difundidas\u00bb sobre la salida de Espa\u00f1a de la obra de Gauguin.<\/p>\n<p>Sin embargo,<strong> Carmen Thyssen quiere que el \u00abMata Mua\u00bb se quede en Espa\u00f1a<\/strong> y por eso, est\u00e1 dispuesta a seguir negociando con el Gobierno un nuevo acuerdo para la cesi\u00f3n de su colecci\u00f3n, seg\u00fan dijo a Efe su abogado, el exministro \u00c1ngel Acebes.<\/p>\n<p>Con todos estos antecedentes, la convocatoria de prensa del museo andorrano tiene todos los ingredientes para contar el pr\u00f3ximo d\u00eda 30 con una nutrida presencia de medios de comunicaci\u00f3n a la espera de saber si Andorra ser\u00e1 el destino definitivo de la obra de Paul Gauguin.<\/p>\n<p>&nbsp;<\/p>\n<p>Fuente:\u00a0 ABC Cultura<\/p>\n","protected":false},"excerpt":{"rendered":"<p>El Museo Carmen Thyssen Andorra ha anunciado este jueves la <a href=\"https:\/\/sertv.gob.pa\/crisolfm\/el-museo-carmen-thyssen-de-andorra-anuncia-la-presentacion-del-mata-mua\/\"> [&#8230;]<\/a><\/p>\n","protected":false},"author":64,"featured_media":29704,"comment_status":"closed","ping_status":"closed","sticky":false,"template":"","format":"standard","meta":{"footnotes":""},"categories":[6],"tags":[],"class_list":["post-29703","post","type-post","status-publish","format-standard","has-post-thumbnail","hentry","category-culturales"],"_links":{"self":[{"href":"https:\/\/sertv.gob.pa\/crisolfm\/wp-json\/wp\/v2\/posts\/29703","targetHints":{"allow":["GET"]}}],"collection":[{"href":"https:\/\/sertv.gob.pa\/crisolfm\/wp-json\/wp\/v2\/posts"}],"about":[{"href":"https:\/\/sertv.gob.pa\/crisolfm\/wp-json\/wp\/v2\/types\/post"}],"author":[{"embeddable":true,"href":"https:\/\/sertv.gob.pa\/crisolfm\/wp-json\/wp\/v2\/users\/64"}],"replies":[{"embeddable":true,"href":"https:\/\/sertv.gob.pa\/crisolfm\/wp-json\/wp\/v2\/comments?post=29703"}],"version-history":[{"count":1,"href":"https:\/\/sertv.gob.pa\/crisolfm\/wp-json\/wp\/v2\/posts\/29703\/revisions"}],"predecessor-version":[{"id":29705,"href":"https:\/\/sertv.gob.pa\/crisolfm\/wp-json\/wp\/v2\/posts\/29703\/revisions\/29705"}],"wp:featuredmedia":[{"embeddable":true,"href":"https:\/\/sertv.gob.pa\/crisolfm\/wp-json\/wp\/v2\/media\/29704"}],"wp:attachment":[{"href":"https:\/\/sertv.gob.pa\/crisolfm\/wp-json\/wp\/v2\/media?parent=29703"}],"wp:term":[{"taxonomy":"category","embeddable":true,"href":"https:\/\/sertv.gob.pa\/crisolfm\/wp-json\/wp\/v2\/categories?post=29703"},{"taxonomy":"post_tag","embeddable":true,"href":"https:\/\/sertv.gob.pa\/crisolfm\/wp-json\/wp\/v2\/tags?post=29703"}],"curies":[{"name":"wp","href":"https:\/\/api.w.org\/{rel}","templated":true}]}}