{"id":29720,"date":"2020-06-26T16:54:19","date_gmt":"2020-06-26T16:54:19","guid":{"rendered":"https:\/\/sertv.gob.pa\/crisolfm\/?p=29720"},"modified":"2020-06-26T16:54:19","modified_gmt":"2020-06-26T16:54:19","slug":"cierra-la-mitica-galeria-marlborough-de-manhattan-por-sus-luchas-internas","status":"publish","type":"post","link":"https:\/\/sertv.gob.pa\/crisolfm\/cierra-la-mitica-galeria-marlborough-de-manhattan-por-sus-luchas-internas\/","title":{"rendered":"Cierra la m\u00edtica galer\u00eda Marlborough de Manhattan por sus luchas internas"},"content":{"rendered":"<p>La <strong>Galer\u00eda Marlborough<\/strong>, que trabaja en espacios en Nueva York y Londres, <strong>va a cerrar su buque insignia de Manhattan <\/strong>tras un fuerte desacuerdo entre la familia que opera el espacio y los miembros de la junta de la galer\u00eda, seg\u00fan informa Artnet News.<\/p>\n<p>La galer\u00eda hab\u00eda realizado el a\u00f1o pasado un esfuerzo para consolidar sus dos espacios de Nueva York, y planeaba abrir una galer\u00eda ampliada en la ciudad en el oto\u00f1o de este a\u00f1o, seg\u00fan se anunci\u00f3 en 2019. No est\u00e1 claro ahora si su galer\u00eda de Londres tambi\u00e9n cerrar\u00e1.<\/p>\n<p>Seg\u00fan<strong> Max Levai,<\/strong> presidente de la galer\u00eda, la decisi\u00f3n de cerrar el espacio de Nueva York se tom\u00f3 mientras su padre, Pierre Levai, sobrino del fundador de la galer\u00eda y actual l\u00edder de Marlborough, fue hospitalizado tras complicaciones relacionadas con el coronavirus, explica Artnet.<\/p>\n<p>\u00abMientras <strong>estaba luchando por su vida<\/strong>, despu\u00e9s de dar positivo por Covid-19 esta primavera, la junta us\u00f3 su condici\u00f3n para su propio beneficio y vot\u00f3 mientras estaba incapacitado para cerrar permanentemente la galer\u00eda de Nueva York\u00bb, ha dicho Levai.<\/p>\n<p>La galer\u00eda se inaugur\u00f3 por primera vez en Londres en 1940, y luego se expandi\u00f3 a Nueva York en 1963. Hasta el a\u00f1o pasado, sus tres espacios operaban de manera independiente.<\/p>\n<p>Fuente:\u00a0 ABC Cultura<\/p>\n","protected":false},"excerpt":{"rendered":"<p>La Galer\u00eda Marlborough, que trabaja en espacios en Nueva York <a href=\"https:\/\/sertv.gob.pa\/crisolfm\/cierra-la-mitica-galeria-marlborough-de-manhattan-por-sus-luchas-internas\/\"> [&#8230;]<\/a><\/p>\n","protected":false},"author":64,"featured_media":29721,"comment_status":"closed","ping_status":"closed","sticky":false,"template":"","format":"standard","meta":{"footnotes":""},"categories":[6],"tags":[],"class_list":["post-29720","post","type-post","status-publish","format-standard","has-post-thumbnail","hentry","category-culturales"],"_links":{"self":[{"href":"https:\/\/sertv.gob.pa\/crisolfm\/wp-json\/wp\/v2\/posts\/29720","targetHints":{"allow":["GET"]}}],"collection":[{"href":"https:\/\/sertv.gob.pa\/crisolfm\/wp-json\/wp\/v2\/posts"}],"about":[{"href":"https:\/\/sertv.gob.pa\/crisolfm\/wp-json\/wp\/v2\/types\/post"}],"author":[{"embeddable":true,"href":"https:\/\/sertv.gob.pa\/crisolfm\/wp-json\/wp\/v2\/users\/64"}],"replies":[{"embeddable":true,"href":"https:\/\/sertv.gob.pa\/crisolfm\/wp-json\/wp\/v2\/comments?post=29720"}],"version-history":[{"count":1,"href":"https:\/\/sertv.gob.pa\/crisolfm\/wp-json\/wp\/v2\/posts\/29720\/revisions"}],"predecessor-version":[{"id":29722,"href":"https:\/\/sertv.gob.pa\/crisolfm\/wp-json\/wp\/v2\/posts\/29720\/revisions\/29722"}],"wp:featuredmedia":[{"embeddable":true,"href":"https:\/\/sertv.gob.pa\/crisolfm\/wp-json\/wp\/v2\/media\/29721"}],"wp:attachment":[{"href":"https:\/\/sertv.gob.pa\/crisolfm\/wp-json\/wp\/v2\/media?parent=29720"}],"wp:term":[{"taxonomy":"category","embeddable":true,"href":"https:\/\/sertv.gob.pa\/crisolfm\/wp-json\/wp\/v2\/categories?post=29720"},{"taxonomy":"post_tag","embeddable":true,"href":"https:\/\/sertv.gob.pa\/crisolfm\/wp-json\/wp\/v2\/tags?post=29720"}],"curies":[{"name":"wp","href":"https:\/\/api.w.org\/{rel}","templated":true}]}}