{"id":29763,"date":"2020-06-29T12:42:02","date_gmt":"2020-06-29T12:42:02","guid":{"rendered":"https:\/\/sertv.gob.pa\/crisolfm\/?p=29763"},"modified":"2020-06-29T12:42:02","modified_gmt":"2020-06-29T12:42:02","slug":"antonio-gala-galardonado-con-el-premio-de-teatro-pepe-isbert","status":"publish","type":"post","link":"https:\/\/sertv.gob.pa\/crisolfm\/antonio-gala-galardonado-con-el-premio-de-teatro-pepe-isbert\/","title":{"rendered":"Antonio Gala galardonado con el premio de teatro Pepe Isbert"},"content":{"rendered":"<p>El dramaturgo <strong>Antonio Gala<\/strong> (Brazatortas, Ciudad Real, 1930) ha sido galardonado con el <strong>premio nacional de teatro Pepe Isbert<\/strong>, que concede la Asociaci\u00f3n Nacional de Amigos de los Teatros Hist\u00f3ricos de Espa\u00f1a (AMIThE), y que alcanza este a\u00f1o su vig\u00e9simo tercera edici\u00f3n. Por su parte, el otro reconocimiento que concede la asociaci\u00f3n, el <strong>premio Gregorio Arcos<\/strong>, ha reca\u00eddo en el <strong>Teatro P\u00e9rez Gald\u00f3s de Las Palmas de Gran Canaria<\/strong>. La ceremonia de entrega -para la que todav\u00eda no hay fecha- ser\u00e1, seg\u00fan Javier L\u00f3pez Galiacho, presidente de AMIThE, incluir\u00e1 un homenaje especial a las v\u00edctimas del Covid-19.<\/p>\n<p>Habitualmente otorgado a int\u00e9rpretes y directores, Antonio Gala es el primer dramaturgo que recibe el premio Pepe Isbert. Es complicado que pueda acudir a recibirlo por su delicado estado de salud. Si no pudiese ser \u00e9l mismo quien recogiese el premio, a <strong>Javier L\u00f3pez<\/strong> le gustar\u00eda que el dirigente de la fundaci\u00f3n Antonio Gala, Jos\u00e9 Mar\u00eda Gala, estuviese presente en la gala para recogerlo.<\/p>\n<p>Personalidad del mundo intelectual, Antonio Gala empez\u00f3 en el teatro con la obra \u00ab<strong>Los verdes campos del ed\u00e9n<\/strong>\u00bb, estrenada en 1963. Su \u00faltimo estreno fue \u00ab<strong>In\u00e9s desabrochada<\/strong>\u00bb, puesta en escena en 2003. En total es autor de una treintena de obras, entre las que destacan \u00ab<strong>Los buenos d\u00edas perdidos<\/strong>\u00bb (1972) y \u00ab<strong>Anillos para una dama<\/strong>\u00bb (1973). Ha cultivado tambi\u00e9n la poes\u00eda y la novela, con t\u00edtulos tan populares como \u00ab<strong>La pasi\u00f3n turca<\/strong>\u00bb (1993) o \u00ab<strong>El manuscrito carmes\u00ed<\/strong>\u00bb (1990).<\/p>\n<p>Javier L\u00f3pez ha explicado que este premio fue creado con una \u00abtriple finalidad\u00bb: por un lado, <strong>dar apoyo al Teatro Circo<\/strong>; por otro, recordar a Pepe Isbert, uno de los actores m\u00e1s importantes de todos los tiempos y que da nombre al que considera uno de los premios \u00abm\u00e1s codiciados que se entrega por una entidad privada en Espa\u00f1a\u00bb; y por \u00faltimo, difundir la necesidad de protecci\u00f3n del patrimonio arquitect\u00f3nico-teatral de Espa\u00f1a.<\/p>\n<p>&nbsp;<\/p>\n<p>Fuente:\u00a0 ABC Cultura<\/p>\n","protected":false},"excerpt":{"rendered":"<p>El dramaturgo Antonio Gala (Brazatortas, Ciudad Real, 1930) ha sido <a href=\"https:\/\/sertv.gob.pa\/crisolfm\/antonio-gala-galardonado-con-el-premio-de-teatro-pepe-isbert\/\"> [&#8230;]<\/a><\/p>\n","protected":false},"author":64,"featured_media":29764,"comment_status":"closed","ping_status":"closed","sticky":false,"template":"","format":"standard","meta":{"footnotes":""},"categories":[6],"tags":[],"class_list":["post-29763","post","type-post","status-publish","format-standard","has-post-thumbnail","hentry","category-culturales"],"_links":{"self":[{"href":"https:\/\/sertv.gob.pa\/crisolfm\/wp-json\/wp\/v2\/posts\/29763","targetHints":{"allow":["GET"]}}],"collection":[{"href":"https:\/\/sertv.gob.pa\/crisolfm\/wp-json\/wp\/v2\/posts"}],"about":[{"href":"https:\/\/sertv.gob.pa\/crisolfm\/wp-json\/wp\/v2\/types\/post"}],"author":[{"embeddable":true,"href":"https:\/\/sertv.gob.pa\/crisolfm\/wp-json\/wp\/v2\/users\/64"}],"replies":[{"embeddable":true,"href":"https:\/\/sertv.gob.pa\/crisolfm\/wp-json\/wp\/v2\/comments?post=29763"}],"version-history":[{"count":1,"href":"https:\/\/sertv.gob.pa\/crisolfm\/wp-json\/wp\/v2\/posts\/29763\/revisions"}],"predecessor-version":[{"id":29765,"href":"https:\/\/sertv.gob.pa\/crisolfm\/wp-json\/wp\/v2\/posts\/29763\/revisions\/29765"}],"wp:featuredmedia":[{"embeddable":true,"href":"https:\/\/sertv.gob.pa\/crisolfm\/wp-json\/wp\/v2\/media\/29764"}],"wp:attachment":[{"href":"https:\/\/sertv.gob.pa\/crisolfm\/wp-json\/wp\/v2\/media?parent=29763"}],"wp:term":[{"taxonomy":"category","embeddable":true,"href":"https:\/\/sertv.gob.pa\/crisolfm\/wp-json\/wp\/v2\/categories?post=29763"},{"taxonomy":"post_tag","embeddable":true,"href":"https:\/\/sertv.gob.pa\/crisolfm\/wp-json\/wp\/v2\/tags?post=29763"}],"curies":[{"name":"wp","href":"https:\/\/api.w.org\/{rel}","templated":true}]}}