{"id":29791,"date":"2020-06-29T16:52:24","date_gmt":"2020-06-29T16:52:24","guid":{"rendered":"https:\/\/sertv.gob.pa\/crisolfm\/?p=29791"},"modified":"2020-06-29T16:52:24","modified_gmt":"2020-06-29T16:52:24","slug":"el-centenario-de-delibes-recupera-fuerza-y-tendra-exposicion-en-francfort","status":"publish","type":"post","link":"https:\/\/sertv.gob.pa\/crisolfm\/el-centenario-de-delibes-recupera-fuerza-y-tendra-exposicion-en-francfort\/","title":{"rendered":"El centenario de Delibes recupera fuerza y tendr\u00e1 exposici\u00f3n en Fr\u00e1ncfort"},"content":{"rendered":"<p>La programaci\u00f3n para conmemorar el centenario del nacimiento de <strong>Miguel Delibes <\/strong>(1920-2010) qued\u00f3 interrumpida por la pandemia y ahora el Ministerio de Cultura y Deporte ha decidido ampliar sus propuestas, entre las que destaca una exposici\u00f3n virtual para la Feria del Libro de Fr\u00e1ncfort.<\/p>\n<p>La muestra \u00ab<strong>Delibes 1920-2010<\/strong>\u00bb ten\u00eda previsto haber abierto sus puertas en la Biblioteca Nacional el 20 de marzo, pero se retras\u00f3 al 17 de septiembre y ahora se convertir\u00e1 adem\u00e1s en una exposici\u00f3n virtual que se podr\u00e1 ver en Fr\u00e1ncfort, como ha anunciado el ministerio en un comunicado.<\/p>\n<p>Tras su paso por la BNE en septiembre, octubre y noviembre, la exposici\u00f3n, coorganizada por Acci\u00f3n Cultural Espa\u00f1ola, la Biblioteca Nacional de Espa\u00f1a y la Fundaci\u00f3n Delibes, pasar\u00e1 a ser itinerante a nivel nacional e internacional.<\/p>\n<p>Tambi\u00e9n se mantiene la producci\u00f3n de la \u00f3pera de \u00ab<strong>Cinco Horas con Mario<\/strong>\u00bb, una de las obras emblem\u00e1ticas del escritor vallisoletano y que cuenta con una longeva y exitosa adaptaci\u00f3n teatral. En su salto oper\u00edstico ser\u00e1 estrenada en la sede del Instituto Cervantes en Madrid.<\/p>\n<p>Y se a\u00f1ade al programa un encuentro de traductores de la obra de Delibes, igualmente en el marco de la Feria de Fr\u00e1ncfort, y la coedici\u00f3n, junto al Instituto Cervantes, de una edici\u00f3n conmemorativa del discurso de aceptaci\u00f3n del <strong>Premio Cervantes<\/strong>, que el escritor recibi\u00f3 en 1993.<\/p>\n<p>Nuevas citas para una celebraci\u00f3n que qued\u00f3 interrumpida, pero que llevar\u00e1 a cabo todos los actos previstos, ya sea retras\u00e1ndolos para la \u00faltima parte de este a\u00f1o o pas\u00e1ndolos a 2021.<\/p>\n<p>As\u00ed lo decidi\u00f3 ayer la Comisi\u00f3n Interadministrativa del \u00ab<strong>Centenario Delibes<\/strong>\u00bb en una reuni\u00f3n en la que la directora general del Libro y Fomento de la Lectura, Mar\u00eda Jos\u00e9 G\u00e1lvez, inform\u00f3 de las novedades.<\/p>\n<p>Para G\u00e1lvez, \u00abDelibes es una de las figuras m\u00e1s representativas de la literatura espa\u00f1ola\u00bb y \u00abun autor reconocido nacional e internacionalmente\u00bb, por lo que el centenario tendr\u00e1 \u00abla visibilidad que merece\u00bb.<\/p>\n<p>Fuente:\u00a0\u00a0 ABC Cultura<\/p>\n","protected":false},"excerpt":{"rendered":"<p>La programaci\u00f3n para conmemorar el centenario del nacimiento de Miguel <a href=\"https:\/\/sertv.gob.pa\/crisolfm\/el-centenario-de-delibes-recupera-fuerza-y-tendra-exposicion-en-francfort\/\"> [&#8230;]<\/a><\/p>\n","protected":false},"author":64,"featured_media":29792,"comment_status":"closed","ping_status":"closed","sticky":false,"template":"","format":"standard","meta":{"footnotes":""},"categories":[6],"tags":[],"class_list":["post-29791","post","type-post","status-publish","format-standard","has-post-thumbnail","hentry","category-culturales"],"_links":{"self":[{"href":"https:\/\/sertv.gob.pa\/crisolfm\/wp-json\/wp\/v2\/posts\/29791","targetHints":{"allow":["GET"]}}],"collection":[{"href":"https:\/\/sertv.gob.pa\/crisolfm\/wp-json\/wp\/v2\/posts"}],"about":[{"href":"https:\/\/sertv.gob.pa\/crisolfm\/wp-json\/wp\/v2\/types\/post"}],"author":[{"embeddable":true,"href":"https:\/\/sertv.gob.pa\/crisolfm\/wp-json\/wp\/v2\/users\/64"}],"replies":[{"embeddable":true,"href":"https:\/\/sertv.gob.pa\/crisolfm\/wp-json\/wp\/v2\/comments?post=29791"}],"version-history":[{"count":1,"href":"https:\/\/sertv.gob.pa\/crisolfm\/wp-json\/wp\/v2\/posts\/29791\/revisions"}],"predecessor-version":[{"id":29793,"href":"https:\/\/sertv.gob.pa\/crisolfm\/wp-json\/wp\/v2\/posts\/29791\/revisions\/29793"}],"wp:featuredmedia":[{"embeddable":true,"href":"https:\/\/sertv.gob.pa\/crisolfm\/wp-json\/wp\/v2\/media\/29792"}],"wp:attachment":[{"href":"https:\/\/sertv.gob.pa\/crisolfm\/wp-json\/wp\/v2\/media?parent=29791"}],"wp:term":[{"taxonomy":"category","embeddable":true,"href":"https:\/\/sertv.gob.pa\/crisolfm\/wp-json\/wp\/v2\/categories?post=29791"},{"taxonomy":"post_tag","embeddable":true,"href":"https:\/\/sertv.gob.pa\/crisolfm\/wp-json\/wp\/v2\/tags?post=29791"}],"curies":[{"name":"wp","href":"https:\/\/api.w.org\/{rel}","templated":true}]}}