{"id":29811,"date":"2020-06-30T13:27:00","date_gmt":"2020-06-30T13:27:00","guid":{"rendered":"https:\/\/sertv.gob.pa\/crisolfm\/?p=29811"},"modified":"2020-06-30T13:27:00","modified_gmt":"2020-06-30T13:27:00","slug":"en-encuentro-regional-de-cerlalc-participa-micultura","status":"publish","type":"post","link":"https:\/\/sertv.gob.pa\/crisolfm\/en-encuentro-regional-de-cerlalc-participa-micultura\/","title":{"rendered":"En encuentro regional de CERLALC participa MiCultura"},"content":{"rendered":"<p>El Ministro de Cultura, Carlos Aguilar Navarro, present\u00f3 ante el comit\u00e9 ejecutivo del Centro Regional para el Fomento del Libro en Am\u00e9rica Latina y el Caribe (CERLALC), conformado por ministros iberoamericanos, los esfuerzos que como equipo de gobierno lleva a cabo Panam\u00e1 para facilitar el acceso a la literatura paname\u00f1a e iberoamericana y la lucha por superar la brecha digital en materia educativa y cultural.<\/p>\n<p>Aguilar Navarro explic\u00f3 los beneficios de la reci\u00e9n creada plataforma multimodal ESTER, que desarrolla el Ministerio de Educaci\u00f3n, y forma parte de la estrategia nacional como una respuesta para el desarrollo en la innovaci\u00f3n educativa, que adem\u00e1s promueve a la literatura paname\u00f1a a partir del fomento a la lectura en los estudiantes.<\/p>\n<p>Los actores del sector editorial, la lectura y la promoci\u00f3n del libro compartieron experiencias para actualizar y dar continuidad a los temas que competen a esta entidad internacional.<\/p>\n<p>En el encuentro se abordaron las medidas que se han tomado en los diferentes pa\u00edses con relaci\u00f3n al COVID 19, as\u00ed como las estrategias de digitalizaci\u00f3n y fomento a la lectura a trav\u00e9s de nuevas plataformas que se han impulsado a prop\u00f3sito de esta coyuntura.<\/p>\n<p>De igual forma, se destac\u00f3 la necesidad de implementar proyectos que sirvan para fortalecer la oferta literaria digital, al tiempo que se destac\u00f3 el inter\u00e9s de MiCultura en potenciar la Editorial Mariano Arosemena para proyectos que, con apoyo de su nuevo consejo editorial, generen investigaci\u00f3n y contenidos afines a los objetivos en materia de derechos culturales.<\/p>\n<p>&nbsp;<\/p>\n<p>Fuente:\u00a0 MiCultura<\/p>\n<p>&nbsp;<\/p>\n","protected":false},"excerpt":{"rendered":"<p>El Ministro de Cultura, Carlos Aguilar Navarro, present\u00f3 ante el <a href=\"https:\/\/sertv.gob.pa\/crisolfm\/en-encuentro-regional-de-cerlalc-participa-micultura\/\"> [&#8230;]<\/a><\/p>\n","protected":false},"author":64,"featured_media":29812,"comment_status":"closed","ping_status":"closed","sticky":false,"template":"","format":"standard","meta":{"footnotes":""},"categories":[6],"tags":[],"class_list":["post-29811","post","type-post","status-publish","format-standard","has-post-thumbnail","hentry","category-culturales"],"_links":{"self":[{"href":"https:\/\/sertv.gob.pa\/crisolfm\/wp-json\/wp\/v2\/posts\/29811","targetHints":{"allow":["GET"]}}],"collection":[{"href":"https:\/\/sertv.gob.pa\/crisolfm\/wp-json\/wp\/v2\/posts"}],"about":[{"href":"https:\/\/sertv.gob.pa\/crisolfm\/wp-json\/wp\/v2\/types\/post"}],"author":[{"embeddable":true,"href":"https:\/\/sertv.gob.pa\/crisolfm\/wp-json\/wp\/v2\/users\/64"}],"replies":[{"embeddable":true,"href":"https:\/\/sertv.gob.pa\/crisolfm\/wp-json\/wp\/v2\/comments?post=29811"}],"version-history":[{"count":1,"href":"https:\/\/sertv.gob.pa\/crisolfm\/wp-json\/wp\/v2\/posts\/29811\/revisions"}],"predecessor-version":[{"id":29813,"href":"https:\/\/sertv.gob.pa\/crisolfm\/wp-json\/wp\/v2\/posts\/29811\/revisions\/29813"}],"wp:featuredmedia":[{"embeddable":true,"href":"https:\/\/sertv.gob.pa\/crisolfm\/wp-json\/wp\/v2\/media\/29812"}],"wp:attachment":[{"href":"https:\/\/sertv.gob.pa\/crisolfm\/wp-json\/wp\/v2\/media?parent=29811"}],"wp:term":[{"taxonomy":"category","embeddable":true,"href":"https:\/\/sertv.gob.pa\/crisolfm\/wp-json\/wp\/v2\/categories?post=29811"},{"taxonomy":"post_tag","embeddable":true,"href":"https:\/\/sertv.gob.pa\/crisolfm\/wp-json\/wp\/v2\/tags?post=29811"}],"curies":[{"name":"wp","href":"https:\/\/api.w.org\/{rel}","templated":true}]}}