{"id":29814,"date":"2020-06-30T13:52:18","date_gmt":"2020-06-30T13:52:18","guid":{"rendered":"https:\/\/sertv.gob.pa\/crisolfm\/?p=29814"},"modified":"2020-06-30T13:52:18","modified_gmt":"2020-06-30T13:52:18","slug":"almodovar-triunfa-en-los-premios-platino-en-mexico-virtuales-por-la-covid-19","status":"publish","type":"post","link":"https:\/\/sertv.gob.pa\/crisolfm\/almodovar-triunfa-en-los-premios-platino-en-mexico-virtuales-por-la-covid-19\/","title":{"rendered":"Almod\u00f3var triunfa en los Premios Platino en M\u00e9xico, virtuales por la Covid-19"},"content":{"rendered":"<p>El filme espa\u00f1ol \u00abDolor y Gloria\u00bb, del laureado cineasta Pedro Almod\u00f3var, se alz\u00f3 este lunes con seis estatuillas en la s\u00e9ptima edici\u00f3n de los Premios Platino del Cine Iberoamericano, que este a\u00f1o se efectu\u00f3 virtualmente debido a la pandemia del nuevo coronavirus.<\/p>\n<p>La pel\u00edcula, testamento vital del c\u00e9lebre realizador espa\u00f1ol, se impuso en las categor\u00edas de Mejor Pel\u00edcula, Direcci\u00f3n, Gui\u00f3n, Montaje, M\u00fasica Original e Interpretaci\u00f3n Masculina para el actor espa\u00f1ol Antonio Banderas.<\/p>\n<p>Por la pandemia de la COVID-19, la ceremonia de los Premios Platino no pudo realizarse en la paradis\u00edaca Riviera Maya, en el sureste de M\u00e9xico, y los ganadores fueron anunciados a trav\u00e9s de YouTube.<\/p>\n<p>\u00abLa enorme crisis sanitaria como consecuencia del COVID-19 ha marcado la agenda de los \u00faltimos meses, pero el audiovisual iberoamericano ha mantenido el pulso, convirti\u00e9ndose en compa\u00f1ero, apoyo y entretenimiento a nivel mundial\u00bb, expres\u00f3 la organizaci\u00f3n en un comunicado.<\/p>\n<p>Entre los galardonados figur\u00f3 la brasile\u00f1a Carol Duarte, protagonista de la pel\u00edcula \u00abA vida invis\u00edvel\u00bb, de su compatriota Karim A\u00efnouz, como Mejor Interpretaci\u00f3n Femenina. En tanto, la pel\u00edcula mexicana \u00abLa Camarista\u00bb, de la directora Lila Avil\u00e9s, se alz\u00f3 con la estatuilla a la Mejor \u00d3pera Prima.<\/p>\n<p>\u00abDemocracia em Vertigem\u00bb, de la brasile\u00f1a Petra Costa, se impuso como Mejor Pel\u00edcula Documental, y el premio a Mejor Direcci\u00f3n de Fotograf\u00eda fue para Jasper Wolf por la colombiana \u00abMonos\u00bb.<\/p>\n<p>La popular serie espa\u00f1ola de Netflix \u00abLa casa de papel\u00bb se llev\u00f3 tres galardones en las categor\u00edas de Mejor Miniserie o Teleserie Cinematogr\u00e1fica Iberoamericana; Mejor Interpretaci\u00f3n Masculina para \u00c1lvaro Morte, y Mejor Interpretaci\u00f3n Femenina para Alba Flores.<\/p>\n<p>Mientras que la mexicana Cecilia Su\u00e1rez fue distinguida por segundo a\u00f1o consecutivo como Mejor Interpretaci\u00f3n Femenina en Series por su trabajo en \u00abLa casa de las flores\u00bb.<\/p>\n<p>Los Premios Platino del Cine Iberoamericano son promovidos por la Entidad de Gesti\u00f3n de Derechos de los Productores Audiovisuales (EGEDA), la Federaci\u00f3n Iberoamericana de Productores Cinematogr\u00e1ficos y Audiovisuales (FIPCA) y las Academias e Institutos de cine iberoamericanos.<\/p>\n<p>Fuente:\u00a0 AFP<\/p>\n","protected":false},"excerpt":{"rendered":"<p>El filme espa\u00f1ol \u00abDolor y Gloria\u00bb, del laureado cineasta Pedro <a href=\"https:\/\/sertv.gob.pa\/crisolfm\/almodovar-triunfa-en-los-premios-platino-en-mexico-virtuales-por-la-covid-19\/\"> [&#8230;]<\/a><\/p>\n","protected":false},"author":64,"featured_media":29815,"comment_status":"closed","ping_status":"closed","sticky":false,"template":"","format":"standard","meta":{"footnotes":""},"categories":[6],"tags":[],"class_list":["post-29814","post","type-post","status-publish","format-standard","has-post-thumbnail","hentry","category-culturales"],"_links":{"self":[{"href":"https:\/\/sertv.gob.pa\/crisolfm\/wp-json\/wp\/v2\/posts\/29814","targetHints":{"allow":["GET"]}}],"collection":[{"href":"https:\/\/sertv.gob.pa\/crisolfm\/wp-json\/wp\/v2\/posts"}],"about":[{"href":"https:\/\/sertv.gob.pa\/crisolfm\/wp-json\/wp\/v2\/types\/post"}],"author":[{"embeddable":true,"href":"https:\/\/sertv.gob.pa\/crisolfm\/wp-json\/wp\/v2\/users\/64"}],"replies":[{"embeddable":true,"href":"https:\/\/sertv.gob.pa\/crisolfm\/wp-json\/wp\/v2\/comments?post=29814"}],"version-history":[{"count":1,"href":"https:\/\/sertv.gob.pa\/crisolfm\/wp-json\/wp\/v2\/posts\/29814\/revisions"}],"predecessor-version":[{"id":29816,"href":"https:\/\/sertv.gob.pa\/crisolfm\/wp-json\/wp\/v2\/posts\/29814\/revisions\/29816"}],"wp:featuredmedia":[{"embeddable":true,"href":"https:\/\/sertv.gob.pa\/crisolfm\/wp-json\/wp\/v2\/media\/29815"}],"wp:attachment":[{"href":"https:\/\/sertv.gob.pa\/crisolfm\/wp-json\/wp\/v2\/media?parent=29814"}],"wp:term":[{"taxonomy":"category","embeddable":true,"href":"https:\/\/sertv.gob.pa\/crisolfm\/wp-json\/wp\/v2\/categories?post=29814"},{"taxonomy":"post_tag","embeddable":true,"href":"https:\/\/sertv.gob.pa\/crisolfm\/wp-json\/wp\/v2\/tags?post=29814"}],"curies":[{"name":"wp","href":"https:\/\/api.w.org\/{rel}","templated":true}]}}