{"id":29867,"date":"2020-07-01T14:01:05","date_gmt":"2020-07-01T14:01:05","guid":{"rendered":"https:\/\/sertv.gob.pa\/crisolfm\/?p=29867"},"modified":"2020-07-01T14:01:05","modified_gmt":"2020-07-01T14:01:05","slug":"el-papa-pone-orden-en-la-fabrica-de-san-pedro","status":"publish","type":"post","link":"https:\/\/sertv.gob.pa\/crisolfm\/el-papa-pone-orden-en-la-fabrica-de-san-pedro\/","title":{"rendered":"El papa pone orden en la F\u00e1brica de San Pedro"},"content":{"rendered":"<p>El papa Francisco anunci\u00f3 el martes el nombramiento de un comisario extraordinario para poner orden en la F\u00e1brica de San Pedro, una instituci\u00f3n encargada de conservar las obras art\u00edsticas y arquitecturales de la Bas\u00edlica de San Pedro.<\/p>\n<p>Esta decisi\u00f3n llega tras una informaci\u00f3n interna que llev\u00f3 al Vaticano a recuperar documentos y ordenadores en las oficinas de la F\u00e1brica, indic\u00f3 un comunicado de la Santa Sede publicado el martes.<\/p>\n<p>El 1 de junio la Santa Sede aprob\u00f3 por primera vez una ley que regula las licitaciones para sus gastos internos, en un intento de evitar la corrupci\u00f3n y de ahorrar, en plena crisis financiera provocada por la pandemia de coronavirus.<\/p>\n<p>En este contexto el papa Francisco nombr\u00f3 al nuncio apost\u00f3lico (embajador de la Santa Sede) Mario Giordana como comisario extraordinario.<\/p>\n<p>Su misi\u00f3n ser\u00e1 \u00abponer al d\u00eda los estatutos, clarificar la administraci\u00f3n y reorganizar las oficinas administrativas y t\u00e9cnicas de la F\u00e1brica\u00bb, indic\u00f3 el comunicado.<\/p>\n<p>Giordana tendr\u00e1 adem\u00e1s el asesoramiento de un comit\u00e9 para cumplir esta \u00abtarea delicada\u00bb.<\/p>\n<p>La F\u00e1brica de San Pedro, que hoy tiene varios obreros, fue creada en el siglo XVI tras la construcci\u00f3n de la nueva bas\u00edlica de San Pedro en la que participaron Bramante, Miguel \u00c1ngel y Rafael, entre otros.<\/p>\n<p>&nbsp;<\/p>\n<p>Fuente:\u00a0\u00a0 AFP<\/p>\n","protected":false},"excerpt":{"rendered":"<p>El papa Francisco anunci\u00f3 el martes el nombramiento de un <a href=\"https:\/\/sertv.gob.pa\/crisolfm\/el-papa-pone-orden-en-la-fabrica-de-san-pedro\/\"> [&#8230;]<\/a><\/p>\n","protected":false},"author":64,"featured_media":29870,"comment_status":"closed","ping_status":"closed","sticky":false,"template":"","format":"standard","meta":{"footnotes":""},"categories":[6],"tags":[],"class_list":["post-29867","post","type-post","status-publish","format-standard","has-post-thumbnail","hentry","category-culturales"],"_links":{"self":[{"href":"https:\/\/sertv.gob.pa\/crisolfm\/wp-json\/wp\/v2\/posts\/29867","targetHints":{"allow":["GET"]}}],"collection":[{"href":"https:\/\/sertv.gob.pa\/crisolfm\/wp-json\/wp\/v2\/posts"}],"about":[{"href":"https:\/\/sertv.gob.pa\/crisolfm\/wp-json\/wp\/v2\/types\/post"}],"author":[{"embeddable":true,"href":"https:\/\/sertv.gob.pa\/crisolfm\/wp-json\/wp\/v2\/users\/64"}],"replies":[{"embeddable":true,"href":"https:\/\/sertv.gob.pa\/crisolfm\/wp-json\/wp\/v2\/comments?post=29867"}],"version-history":[{"count":1,"href":"https:\/\/sertv.gob.pa\/crisolfm\/wp-json\/wp\/v2\/posts\/29867\/revisions"}],"predecessor-version":[{"id":29871,"href":"https:\/\/sertv.gob.pa\/crisolfm\/wp-json\/wp\/v2\/posts\/29867\/revisions\/29871"}],"wp:featuredmedia":[{"embeddable":true,"href":"https:\/\/sertv.gob.pa\/crisolfm\/wp-json\/wp\/v2\/media\/29870"}],"wp:attachment":[{"href":"https:\/\/sertv.gob.pa\/crisolfm\/wp-json\/wp\/v2\/media?parent=29867"}],"wp:term":[{"taxonomy":"category","embeddable":true,"href":"https:\/\/sertv.gob.pa\/crisolfm\/wp-json\/wp\/v2\/categories?post=29867"},{"taxonomy":"post_tag","embeddable":true,"href":"https:\/\/sertv.gob.pa\/crisolfm\/wp-json\/wp\/v2\/tags?post=29867"}],"curies":[{"name":"wp","href":"https:\/\/api.w.org\/{rel}","templated":true}]}}