{"id":29873,"date":"2020-07-01T14:27:35","date_gmt":"2020-07-01T14:27:35","guid":{"rendered":"https:\/\/sertv.gob.pa\/crisolfm\/?p=29873"},"modified":"2020-07-01T14:27:35","modified_gmt":"2020-07-01T14:27:35","slug":"cirque-du-soleil-se-declara-en-quiebra","status":"publish","type":"post","link":"https:\/\/sertv.gob.pa\/crisolfm\/cirque-du-soleil-se-declara-en-quiebra\/","title":{"rendered":"Cirque du Soleil se declara en quiebra"},"content":{"rendered":"<p>El Cirque du Soleil, una de las empresas de espect\u00e1culos m\u00e1s conocidas del mundo, se declar\u00f3 este lunes en quiebra al mismo tiempo que los principales inversores de la compa\u00f1\u00eda, con el apoyo de la provincia de Quebec, presentaron un plan de reestructuraci\u00f3n.<\/p>\n<p>Cirque du Soleil, una de las instituciones m\u00e1s internacionales de Canad\u00e1 y la provincia de Quebec, se\u00f1al\u00f3 en un comunicado que ha solicitado al Tribunal Superior provincial su aprobaci\u00f3n para reestructurar la compa\u00f1\u00eda, que ya se encontraba en dificultades financieras antes de la aparici\u00f3n de la pandemia de COVID-19.<\/p>\n<p>Seg\u00fan la compa\u00f1\u00eda, los tres inversores del circo, la estadounidense TPG Capital, la china Fosun Capital Group y la instituci\u00f3n financiera Caisse de d\u00e9p\u00f4t et placement du Qu\u00e9bec, aportar\u00e1n 100 millones de d\u00f3lares mientras que el Gobierno de Quebec inyectar\u00e1 otros 200 millones.<\/p>\n<p>El fondo de inversiones TPG tiene un 55 % de propiedad de la compa\u00f1\u00eda, mientras que Fosun controla el 25 % y la entidad financiera Caisse de Depot et Placement du Quebec, el 20 % restante.<\/p>\n<p>La compa\u00f1\u00eda, que tiene su sede en la ciudad de Montreal, despedir\u00e1 tambi\u00e9n a unas 3.840 personas, y establecer\u00e1 dos fondos, por valor de 20 millones de d\u00f3lares para compensar a su personal y a los contratistas.<\/p>\n<p>El presidente y consejero delegado de Cirque du Soleil, Daniel Lamarre, declar\u00f3 que \u00abdurante los pasados 36 a\u00f1os, Cirque du Soleil ha sido una organizaci\u00f3n muy exitosa y rentable\u00bb. Sin embargo, \u00absin ingresos desde el cierre forzado\u00bb de todos sus espect\u00e1culos debido a la COVID-19, la direcci\u00f3n \u00abha actuado de forma decisiva para proteger el futuro de la compa\u00f1\u00eda\u00bb.<\/p>\n<p>Cirque du Soleil tambi\u00e9n se\u00f1al\u00f3 que tiene \u00abla intenci\u00f3n de volver a contratar una sustancial mayor\u00eda de los empleados despedidos cuando lo permitan las condiciones econ\u00f3micas, una vez que se cancelen los cierres obligatorios y se puedan reiniciar las operaciones\u00bb.<\/p>\n<p>En marzo, Cirque du Soleil, que fue fundada en Montreal en 1984 y que hasta la aparici\u00f3n de COVID-19 operaba 44 espect\u00e1culos en todo el mundo, despidi\u00f3 a unas 4.680 personas, un 95 % de su personal, debido a la cancelaci\u00f3n de sus espect\u00e1culos y se enfrenta a la suspensi\u00f3n de pagos.<\/p>\n<p>La compa\u00f1\u00eda tiene una deuda de unos 900 millones de d\u00f3lares, fruto del acuerdo de 2015 valorado en 1.500 millones de d\u00f3lares por el que el fondo de inversiones estadounidense TPG se hizo con una participaci\u00f3n mayoritaria de la compa\u00f1\u00eda.<\/p>\n<p>Fuente:\u00a0 EFE<\/p>\n","protected":false},"excerpt":{"rendered":"<p>El Cirque du Soleil, una de las empresas de espect\u00e1culos <a href=\"https:\/\/sertv.gob.pa\/crisolfm\/cirque-du-soleil-se-declara-en-quiebra\/\"> [&#8230;]<\/a><\/p>\n","protected":false},"author":64,"featured_media":29874,"comment_status":"closed","ping_status":"closed","sticky":false,"template":"","format":"standard","meta":{"footnotes":""},"categories":[6],"tags":[],"class_list":["post-29873","post","type-post","status-publish","format-standard","has-post-thumbnail","hentry","category-culturales"],"_links":{"self":[{"href":"https:\/\/sertv.gob.pa\/crisolfm\/wp-json\/wp\/v2\/posts\/29873","targetHints":{"allow":["GET"]}}],"collection":[{"href":"https:\/\/sertv.gob.pa\/crisolfm\/wp-json\/wp\/v2\/posts"}],"about":[{"href":"https:\/\/sertv.gob.pa\/crisolfm\/wp-json\/wp\/v2\/types\/post"}],"author":[{"embeddable":true,"href":"https:\/\/sertv.gob.pa\/crisolfm\/wp-json\/wp\/v2\/users\/64"}],"replies":[{"embeddable":true,"href":"https:\/\/sertv.gob.pa\/crisolfm\/wp-json\/wp\/v2\/comments?post=29873"}],"version-history":[{"count":1,"href":"https:\/\/sertv.gob.pa\/crisolfm\/wp-json\/wp\/v2\/posts\/29873\/revisions"}],"predecessor-version":[{"id":29875,"href":"https:\/\/sertv.gob.pa\/crisolfm\/wp-json\/wp\/v2\/posts\/29873\/revisions\/29875"}],"wp:featuredmedia":[{"embeddable":true,"href":"https:\/\/sertv.gob.pa\/crisolfm\/wp-json\/wp\/v2\/media\/29874"}],"wp:attachment":[{"href":"https:\/\/sertv.gob.pa\/crisolfm\/wp-json\/wp\/v2\/media?parent=29873"}],"wp:term":[{"taxonomy":"category","embeddable":true,"href":"https:\/\/sertv.gob.pa\/crisolfm\/wp-json\/wp\/v2\/categories?post=29873"},{"taxonomy":"post_tag","embeddable":true,"href":"https:\/\/sertv.gob.pa\/crisolfm\/wp-json\/wp\/v2\/tags?post=29873"}],"curies":[{"name":"wp","href":"https:\/\/api.w.org\/{rel}","templated":true}]}}