{"id":29897,"date":"2020-07-01T17:15:20","date_gmt":"2020-07-01T17:15:20","guid":{"rendered":"https:\/\/sertv.gob.pa\/crisolfm\/?p=29897"},"modified":"2020-07-01T17:15:20","modified_gmt":"2020-07-01T17:15:20","slug":"no-tengo-idea-de-cuando-volvere-a-trabajar-dice-tom-hanks-en-medio-de-la-pandemia","status":"publish","type":"post","link":"https:\/\/sertv.gob.pa\/crisolfm\/no-tengo-idea-de-cuando-volvere-a-trabajar-dice-tom-hanks-en-medio-de-la-pandemia\/","title":{"rendered":"\u201cNo tengo idea de cu\u00e1ndo volver\u00e9 a trabajar\u201d, dice Tom Hanks en medio de la pandemia"},"content":{"rendered":"<p>El actor estadounidense Tom Hanks dijo este martes que Hollywood \u00abno tiene idea\u00bb de cu\u00e1ndo volver\u00e1 a trabajar mientras la pandemia del coronavirus mantiene paralizada la industria en Estados Unidos.<\/p>\n<p>El ganador del \u00d3scar por \u00abForrest Gump\u00bb y \u00abFiladelfia\u00bb fue la primera gran estrella de cine en contraer la covid-19 en marzo, poco antes de que comenzara a filmar una cinta biogr\u00e1fica sobre Elvis Presley en Australia.<\/p>\n<p>\u00abComo canarios en minas de carb\u00f3n en la covid-19, estamos bien\u00bb, dijo Hanks en una rueda de prensa virtual. \u00abTuvimos unos 10 d\u00edas con s\u00edntomas muy inc\u00f3modos, aunque sin riesgo a nuestra vida me alegra decir\u00bb.<\/p>\n<p>Hanks dijo que \u00e9l y su esposa, Rita Wilson, tuvieron la suerte de tener una \u00abrecuperaci\u00f3n modelo\u00bb, pero se\u00f1al\u00f3 que \u00abcualquier cantidad de cosas\u00bb hubieran podido haber salido mal.<\/p>\n<p>Con el virus arrasando en Estados Unidos, con m\u00e1s de 125.000 muertes y 2,5 millones de casos, muchos estados han sido criticados por reabrir demasiado pronto.<\/p>\n<p>California dio el visto bueno para reanudar rodajes cinematogr\u00e1ficos a principios de este mes, pero la mayor\u00eda de las grandes producciones de Hollywood siguen congeladas, una situaci\u00f3n que Hanks no espera que cambie pronto.<\/p>\n<p>\u00abNo tengo ni idea de cu\u00e1ndo volver\u00e9 a trabajar\u00bb, dijo. \u00abNadie tiene ni idea de cu\u00e1ndo volver\u00e1 a trabajar\u00bb.<\/p>\n<p>\u00abPero llegar\u00e1 el momento. Simplemente no sabemos cu\u00e1ndo\u00bb.<\/p>\n<p>Explic\u00f3 que \u00abhay preocupaciones financieras, legales, responsabilidades\u00bb, adem\u00e1s de f\u00edsicas sobre c\u00f3mo grandes equipos pueden trabajar en los confinados sets de filmaci\u00f3n.<\/p>\n<p>Hanks explic\u00f3 que grandes producciones han pospuesto sus lanzamientos, esperando llegar a la gran pantalla m\u00e1s adelante en el a\u00f1o e incluso en 2021, cuando los estudios esperan la situaci\u00f3n sea m\u00e1s parecida a la normalidad.<\/p>\n<p>El lunes, mientras el condado de Los \u00c1ngeles experimentaba un nuevo r\u00e9cord diario de casos, el alcalde, Eric Garcetti, anunci\u00f3 una \u00abdura pausa\u00bb en la apertura de negocios, que incluye los cines.<\/p>\n<p>El thriller naval de la Segunda Guerra Mundial de Hanks, \u00abGreyhound\u00bb, se saltear\u00e1 la pantalla grande por completo, despu\u00e9s de que Sony vendiara la pel\u00edcula como una exclusiva a la plataforma Apple TV+.<\/p>\n<p>Hanks, que escribi\u00f3 el gui\u00f3n y protagoniza la cinta, admiti\u00f3 que le \u00abrompe el coraz\u00f3n\u00bb que la pel\u00edcula no llegar\u00e1 a las carteleras, pero asegur\u00f3 que su transmnisi\u00f3n streaming, a partir del 10 de julio, es una \u00absalvaci\u00f3n\u00bb para \u00absacar la pel\u00edcula\u00bb.<\/p>\n<p>Producciones se han reanudado en pa\u00edses como Islandia, Corea del Sur y Nueva Zelanda, pero Hanks dijo que desconoce cu\u00e1ndo se retomar\u00e1 la producci\u00f3n de \u00abElvis\u00bb de Baz Luhrmann.<br \/>\n\u00abLa respuesta es que nadie lo sabe, yo incluido\u00bb, dijo Hanks.<\/p>\n<p>Fuente:\u00a0 AFP<\/p>\n","protected":false},"excerpt":{"rendered":"<p>El actor estadounidense Tom Hanks dijo este martes que Hollywood <a href=\"https:\/\/sertv.gob.pa\/crisolfm\/no-tengo-idea-de-cuando-volvere-a-trabajar-dice-tom-hanks-en-medio-de-la-pandemia\/\"> [&#8230;]<\/a><\/p>\n","protected":false},"author":64,"featured_media":29898,"comment_status":"closed","ping_status":"closed","sticky":false,"template":"","format":"standard","meta":{"footnotes":""},"categories":[6],"tags":[],"class_list":["post-29897","post","type-post","status-publish","format-standard","has-post-thumbnail","hentry","category-culturales"],"_links":{"self":[{"href":"https:\/\/sertv.gob.pa\/crisolfm\/wp-json\/wp\/v2\/posts\/29897","targetHints":{"allow":["GET"]}}],"collection":[{"href":"https:\/\/sertv.gob.pa\/crisolfm\/wp-json\/wp\/v2\/posts"}],"about":[{"href":"https:\/\/sertv.gob.pa\/crisolfm\/wp-json\/wp\/v2\/types\/post"}],"author":[{"embeddable":true,"href":"https:\/\/sertv.gob.pa\/crisolfm\/wp-json\/wp\/v2\/users\/64"}],"replies":[{"embeddable":true,"href":"https:\/\/sertv.gob.pa\/crisolfm\/wp-json\/wp\/v2\/comments?post=29897"}],"version-history":[{"count":1,"href":"https:\/\/sertv.gob.pa\/crisolfm\/wp-json\/wp\/v2\/posts\/29897\/revisions"}],"predecessor-version":[{"id":29899,"href":"https:\/\/sertv.gob.pa\/crisolfm\/wp-json\/wp\/v2\/posts\/29897\/revisions\/29899"}],"wp:featuredmedia":[{"embeddable":true,"href":"https:\/\/sertv.gob.pa\/crisolfm\/wp-json\/wp\/v2\/media\/29898"}],"wp:attachment":[{"href":"https:\/\/sertv.gob.pa\/crisolfm\/wp-json\/wp\/v2\/media?parent=29897"}],"wp:term":[{"taxonomy":"category","embeddable":true,"href":"https:\/\/sertv.gob.pa\/crisolfm\/wp-json\/wp\/v2\/categories?post=29897"},{"taxonomy":"post_tag","embeddable":true,"href":"https:\/\/sertv.gob.pa\/crisolfm\/wp-json\/wp\/v2\/tags?post=29897"}],"curies":[{"name":"wp","href":"https:\/\/api.w.org\/{rel}","templated":true}]}}