{"id":29901,"date":"2020-07-01T17:29:43","date_gmt":"2020-07-01T17:29:43","guid":{"rendered":"https:\/\/sertv.gob.pa\/crisolfm\/?p=29901"},"modified":"2020-07-01T17:29:43","modified_gmt":"2020-07-01T17:29:43","slug":"piden-retirar-la-estatua-del-emperador-constantino-por-apoyar-la-esclavitud-en-la-antigua-roma","status":"publish","type":"post","link":"https:\/\/sertv.gob.pa\/crisolfm\/piden-retirar-la-estatua-del-emperador-constantino-por-apoyar-la-esclavitud-en-la-antigua-roma\/","title":{"rendered":"Piden retirar la estatua del emperador Constantino por apoyar la esclavitud en la Antigua Roma"},"content":{"rendered":"<p>El <strong>futuro<\/strong> de la estatua de<strong>l emperador romano Constantino <\/strong>que se encuentra en el exterior de la catedral de York <strong>est\u00e1 en entredicho<\/strong> debido a las<strong> quejas recibidas <\/strong>y al <strong>llamamiento<\/strong> realizado por el <strong>arzobispo de Canterbury<\/strong>, primado de la Iglesia de Inglaterra y l\u00edder espiritual de la Comuni\u00f3n anglicana, para <strong>revisar los monumentos <\/strong>que crean pol\u00e9mica.<\/p>\n<p>El arzobispo Justin Welby afirmaba hace unos d\u00edas que las esculturas de la Catedral de Canterbury y la Abad\u00eda de Wensminter van a ser<strong> examinadas cuidadosamente<\/strong> para comprobar si deben estar ah\u00ed, de acuerdo con The Telegraph.<\/p>\n<p>El reverendo hac\u00eda estos comentarios a colaci\u00f3n de las <strong>protestas antirracistas<\/strong> derivadas de <strong>Black Lives Matter<\/strong>, que ya le ha costado el vandalismo de estatuas de <a href=\"https:\/\/www.abc.es\/espana\/comunidad-valenciana\/abci-jose-luis-torro-colon-y-cervantes-agredidos-partida-doble-202006270729_noticia.html\" target=\"_blank\" rel=\"noopener\">Col\u00f3n, Cervantes o fray Jun\u00edpero<\/a>. El cl\u00e9rigo a\u00f1ad\u00eda que \u00abalgunas tendr\u00e1n que bajar\u00bb, pero que no es su decisi\u00f3n y que, en cualquier caso, las<strong> piezas se pondr\u00edan \u00aben contexto\u00bb.<\/strong><\/p>\n<p>Ahora, todo indica que la Catedral de York est\u00e1 revisando la idoneidad de la estatua de <a href=\"https:\/\/www.abc.es\/ciencia\/abci-fuego-griego-terrible-arma-secreta-edad-media-no-apagaba-agua-201909092230_noticia.html\" target=\"_blank\" rel=\"noopener\">Constantino<\/a>, tras las quejas recibidas porque el <strong>emperador romano apoyaba la esclavitud <\/strong>existente en sus tiempos.<\/p>\n<p>La escultura se encuentra en la plaza sur de la seo <strong>desde hace veinte a\u00f1os<\/strong> y fue erigida para conmemorar que <strong>puso fin a la persecuci\u00f3n de los cristianos <\/strong>y fue el primer emperador en convertirse al cristianismo.<\/p>\n<p>Se ha creado una comisi\u00f3n especial que va a desarrollar una gu\u00eda nacional para iglesias y catedrales sobre c\u00f3mo responder a las preocupaciones sobre sus estatuas y monumentos.<\/p>\n<p>&nbsp;<\/p>\n<p>Fuente:\u00a0\u00a0 ABC Cultura<\/p>\n","protected":false},"excerpt":{"rendered":"<p>El futuro de la estatua del emperador romano Constantino que <a href=\"https:\/\/sertv.gob.pa\/crisolfm\/piden-retirar-la-estatua-del-emperador-constantino-por-apoyar-la-esclavitud-en-la-antigua-roma\/\"> [&#8230;]<\/a><\/p>\n","protected":false},"author":64,"featured_media":29902,"comment_status":"closed","ping_status":"closed","sticky":false,"template":"","format":"standard","meta":{"footnotes":""},"categories":[6],"tags":[],"class_list":["post-29901","post","type-post","status-publish","format-standard","has-post-thumbnail","hentry","category-culturales"],"_links":{"self":[{"href":"https:\/\/sertv.gob.pa\/crisolfm\/wp-json\/wp\/v2\/posts\/29901","targetHints":{"allow":["GET"]}}],"collection":[{"href":"https:\/\/sertv.gob.pa\/crisolfm\/wp-json\/wp\/v2\/posts"}],"about":[{"href":"https:\/\/sertv.gob.pa\/crisolfm\/wp-json\/wp\/v2\/types\/post"}],"author":[{"embeddable":true,"href":"https:\/\/sertv.gob.pa\/crisolfm\/wp-json\/wp\/v2\/users\/64"}],"replies":[{"embeddable":true,"href":"https:\/\/sertv.gob.pa\/crisolfm\/wp-json\/wp\/v2\/comments?post=29901"}],"version-history":[{"count":1,"href":"https:\/\/sertv.gob.pa\/crisolfm\/wp-json\/wp\/v2\/posts\/29901\/revisions"}],"predecessor-version":[{"id":29903,"href":"https:\/\/sertv.gob.pa\/crisolfm\/wp-json\/wp\/v2\/posts\/29901\/revisions\/29903"}],"wp:featuredmedia":[{"embeddable":true,"href":"https:\/\/sertv.gob.pa\/crisolfm\/wp-json\/wp\/v2\/media\/29902"}],"wp:attachment":[{"href":"https:\/\/sertv.gob.pa\/crisolfm\/wp-json\/wp\/v2\/media?parent=29901"}],"wp:term":[{"taxonomy":"category","embeddable":true,"href":"https:\/\/sertv.gob.pa\/crisolfm\/wp-json\/wp\/v2\/categories?post=29901"},{"taxonomy":"post_tag","embeddable":true,"href":"https:\/\/sertv.gob.pa\/crisolfm\/wp-json\/wp\/v2\/tags?post=29901"}],"curies":[{"name":"wp","href":"https:\/\/api.w.org\/{rel}","templated":true}]}}