{"id":29972,"date":"2020-07-02T16:22:14","date_gmt":"2020-07-02T16:22:14","guid":{"rendered":"https:\/\/sertv.gob.pa\/crisolfm\/?p=29972"},"modified":"2020-07-02T16:22:14","modified_gmt":"2020-07-02T16:22:14","slug":"eeuu-se-prepara-para-celebrar-un-4-de-julio-con-restricciones","status":"publish","type":"post","link":"https:\/\/sertv.gob.pa\/crisolfm\/eeuu-se-prepara-para-celebrar-un-4-de-julio-con-restricciones\/","title":{"rendered":"EEUU se prepara para celebrar un 4 de julio con restricciones"},"content":{"rendered":"<p>Playas cerradas, shows de fuegos artificiales cancelados, reuniones familiares prohibidas y ahora restaurantes cerrados: el coronavirus eclipsa la tradicional celebraci\u00f3n del 4 de julio, cuando Estados Unidos festeja su independencia.<\/p>\n<p>Los nuevos casos de covid-19 en Estados Unidos superan los 40.000 diarios y el n\u00famero de muertes es m\u00e1s de 127.000 en v\u00edsperas de uno de los asuetos m\u00e1s importantes del pa\u00eds, que usualmente se celebra en familia o con encuentros para contemplar los espect\u00e1culos pirot\u00e9cnicos.<\/p>\n<p>No todos los eventos por el d\u00eda de la independencia fueron cancelados.<\/p>\n<p>El 3 de julio, el presidente Donald Trump planea asistir a los fuegos artificiales con su esposa Melania en Mount Rushmore, una importante atracci\u00f3n tur\u00edstica en Dakota del Sur, donde los rostros de expresidentes del pa\u00eds est\u00e1n tallados en granito.<\/p>\n<p>Y en Nueva York, la cadena Macy&#8217;s anunci\u00f3 la organizaci\u00f3n \u00absorpresa\u00bb de varios espect\u00e1culos de pirotecnia de cinco minutos a lo largo de la semana, para evitar multitudes.<\/p>\n<p>\u00abCada evento ser\u00e1 breve y terminar\u00e1 antes de que los residentes puedan reunirse\u00bb, explic\u00f3 en un comunicado.<\/p>\n<p>Con 1.199 muertes adicionales por el nuevo coronavirus registradas en el pa\u00eds en 24 horas, la cifra diaria comenz\u00f3 a aumentar nuevamente el martes, seg\u00fan la Universidad Johns Hopkins. Este n\u00famero se hab\u00eda mantenido por debajo de 1.000 desde el 10 de junio.<\/p>\n<p>El experto l\u00edder del pa\u00eds en enfermedades infecciosas, Anthony Fauci, advirti\u00f3 que la cifra de nuevos casos diarios podr\u00eda subir a 100.000 si las autoridades y el p\u00fablico no adoptan medidas para frenar el contagio. Y reconoci\u00f3 que las autoridades sanitarias \u00abno tienen el control total\u00bb de la pandemia.<\/p>\n<p>&nbsp;<\/p>\n<p>Fuente:\u00a0 AFP<\/p>\n","protected":false},"excerpt":{"rendered":"<p>Playas cerradas, shows de fuegos artificiales cancelados, reuniones familiares prohibidas <a href=\"https:\/\/sertv.gob.pa\/crisolfm\/eeuu-se-prepara-para-celebrar-un-4-de-julio-con-restricciones\/\"> [&#8230;]<\/a><\/p>\n","protected":false},"author":64,"featured_media":29973,"comment_status":"closed","ping_status":"closed","sticky":false,"template":"","format":"standard","meta":{"footnotes":""},"categories":[6],"tags":[],"class_list":["post-29972","post","type-post","status-publish","format-standard","has-post-thumbnail","hentry","category-culturales"],"_links":{"self":[{"href":"https:\/\/sertv.gob.pa\/crisolfm\/wp-json\/wp\/v2\/posts\/29972","targetHints":{"allow":["GET"]}}],"collection":[{"href":"https:\/\/sertv.gob.pa\/crisolfm\/wp-json\/wp\/v2\/posts"}],"about":[{"href":"https:\/\/sertv.gob.pa\/crisolfm\/wp-json\/wp\/v2\/types\/post"}],"author":[{"embeddable":true,"href":"https:\/\/sertv.gob.pa\/crisolfm\/wp-json\/wp\/v2\/users\/64"}],"replies":[{"embeddable":true,"href":"https:\/\/sertv.gob.pa\/crisolfm\/wp-json\/wp\/v2\/comments?post=29972"}],"version-history":[{"count":1,"href":"https:\/\/sertv.gob.pa\/crisolfm\/wp-json\/wp\/v2\/posts\/29972\/revisions"}],"predecessor-version":[{"id":29974,"href":"https:\/\/sertv.gob.pa\/crisolfm\/wp-json\/wp\/v2\/posts\/29972\/revisions\/29974"}],"wp:featuredmedia":[{"embeddable":true,"href":"https:\/\/sertv.gob.pa\/crisolfm\/wp-json\/wp\/v2\/media\/29973"}],"wp:attachment":[{"href":"https:\/\/sertv.gob.pa\/crisolfm\/wp-json\/wp\/v2\/media?parent=29972"}],"wp:term":[{"taxonomy":"category","embeddable":true,"href":"https:\/\/sertv.gob.pa\/crisolfm\/wp-json\/wp\/v2\/categories?post=29972"},{"taxonomy":"post_tag","embeddable":true,"href":"https:\/\/sertv.gob.pa\/crisolfm\/wp-json\/wp\/v2\/tags?post=29972"}],"curies":[{"name":"wp","href":"https:\/\/api.w.org\/{rel}","templated":true}]}}