{"id":30019,"date":"2020-07-03T15:12:38","date_gmt":"2020-07-03T15:12:38","guid":{"rendered":"https:\/\/sertv.gob.pa\/crisolfm\/?p=30019"},"modified":"2020-07-03T15:12:38","modified_gmt":"2020-07-03T15:12:38","slug":"jorge-drexler-dara-un-concierto-en-streaming-para-todo-el-mundo-el-proximo-domingo","status":"publish","type":"post","link":"https:\/\/sertv.gob.pa\/crisolfm\/jorge-drexler-dara-un-concierto-en-streaming-para-todo-el-mundo-el-proximo-domingo\/","title":{"rendered":"Jorge Drexler dar\u00e1 un concierto en streaming para todo el mundo el pr\u00f3ximo domingo"},"content":{"rendered":"<p>Este domingo 5 de julio a las 21:00 horas (CEST) <strong>Jorge Drexler<\/strong> presenta desde Madrid su primer live en \u00e9poca de confinamiento con el apoyo de Sony Music Espa\u00f1a y SON Estrella Galicia. Ser\u00e1 un concierto en streaming en riguroso directo, retransmitido en abierto, a trav\u00e9s de las redes sociales, haciendo uso de la comunicaci\u00f3n en directo a distancia, a la que nos hemos acostumbrado, pero tambi\u00e9n con un enorme <strong>\u00e9nfasis en el cuidado de los detalles art\u00edsticos: escenograf\u00eda, luces, sonido y realizaci\u00f3n de v\u00eddeo<\/strong>.<\/p>\n<p>Un formato digital por el que SON Estrella Galicia ha apostado desde el primer d\u00eda de confinamiento con m\u00e1s de 30 directos que culminan este domingo con el concierto de Drexler. El proyecto musical cervecero busca as\u00ed impulsar propuestas con la mayor calidad conocida hasta la fecha en la retransmisi\u00f3n musical en directo.<\/p>\n<p>Como explica el propio Drexler, \u00abla pandemia nos oblig\u00f3 a comunicarnos a trav\u00e9s de internet exclusivamente, y fue important\u00edsimo priorizar los aspectos de coloquialidad dom\u00e9stica y la cercan\u00eda; pero en casi todos los casos la belleza visual y sonora fue la gran ausente. <strong>El virus nos empuj\u00f3 hacia un mundo de limitada belleza<\/strong>: los rostros cubiertos en la calle y las &#8216;cabezas parlantes&#8217; en la pantalla cuadriculada\u00bb.<\/p>\n<p>Para contrarrestar esta amarga sensaci\u00f3n, todos los esfuerzos se centran en volver a ofrecer un espect\u00e1culo art\u00edstico. \u00abTodo mi equipo de gira estar\u00e1 en pleno, junto con Maxi Gilbert (XLR Estudio) y su equipo de realizaci\u00f3n audiovisual montado especialmente para la ocasi\u00f3n\u00bb, anuncia el cantante y compositor, \u00abesperemos que todo salga bien y que lo disfruten tanto como lo estamos haciendo nosotros al planearlo\u00bb.<\/p>\n<p><strong>Este concierto ser\u00e1 la vuelta del artista a un \u00abescenario\u00bb, tras la cancelaci\u00f3n de su gira el pasado mes de marzo<\/strong>, cuando, obligado por la expansi\u00f3n de la pandemia, tuvo que suspender todos sus recitales programados.<\/p>\n<p>Fuente:\u00a0\u00a0 ABC Cultura<\/p>\n","protected":false},"excerpt":{"rendered":"<p>Este domingo 5 de julio a las 21:00 horas (CEST) <a href=\"https:\/\/sertv.gob.pa\/crisolfm\/jorge-drexler-dara-un-concierto-en-streaming-para-todo-el-mundo-el-proximo-domingo\/\"> [&#8230;]<\/a><\/p>\n","protected":false},"author":64,"featured_media":30020,"comment_status":"closed","ping_status":"closed","sticky":false,"template":"","format":"standard","meta":{"footnotes":""},"categories":[6],"tags":[],"class_list":["post-30019","post","type-post","status-publish","format-standard","has-post-thumbnail","hentry","category-culturales"],"_links":{"self":[{"href":"https:\/\/sertv.gob.pa\/crisolfm\/wp-json\/wp\/v2\/posts\/30019","targetHints":{"allow":["GET"]}}],"collection":[{"href":"https:\/\/sertv.gob.pa\/crisolfm\/wp-json\/wp\/v2\/posts"}],"about":[{"href":"https:\/\/sertv.gob.pa\/crisolfm\/wp-json\/wp\/v2\/types\/post"}],"author":[{"embeddable":true,"href":"https:\/\/sertv.gob.pa\/crisolfm\/wp-json\/wp\/v2\/users\/64"}],"replies":[{"embeddable":true,"href":"https:\/\/sertv.gob.pa\/crisolfm\/wp-json\/wp\/v2\/comments?post=30019"}],"version-history":[{"count":2,"href":"https:\/\/sertv.gob.pa\/crisolfm\/wp-json\/wp\/v2\/posts\/30019\/revisions"}],"predecessor-version":[{"id":30022,"href":"https:\/\/sertv.gob.pa\/crisolfm\/wp-json\/wp\/v2\/posts\/30019\/revisions\/30022"}],"wp:featuredmedia":[{"embeddable":true,"href":"https:\/\/sertv.gob.pa\/crisolfm\/wp-json\/wp\/v2\/media\/30020"}],"wp:attachment":[{"href":"https:\/\/sertv.gob.pa\/crisolfm\/wp-json\/wp\/v2\/media?parent=30019"}],"wp:term":[{"taxonomy":"category","embeddable":true,"href":"https:\/\/sertv.gob.pa\/crisolfm\/wp-json\/wp\/v2\/categories?post=30019"},{"taxonomy":"post_tag","embeddable":true,"href":"https:\/\/sertv.gob.pa\/crisolfm\/wp-json\/wp\/v2\/tags?post=30019"}],"curies":[{"name":"wp","href":"https:\/\/api.w.org\/{rel}","templated":true}]}}