{"id":30036,"date":"2020-07-03T17:24:33","date_gmt":"2020-07-03T17:24:33","guid":{"rendered":"https:\/\/sertv.gob.pa\/crisolfm\/?p=30036"},"modified":"2020-07-03T17:24:33","modified_gmt":"2020-07-03T17:24:33","slug":"la-academia-de-cine-cede-a-antonio-banderas-el-papel-protagonista-de-los-goya-2021","status":"publish","type":"post","link":"https:\/\/sertv.gob.pa\/crisolfm\/la-academia-de-cine-cede-a-antonio-banderas-el-papel-protagonista-de-los-goya-2021\/","title":{"rendered":"La Academia de Cine cede a Antonio Banderas el papel protagonista de los Goya 2021"},"content":{"rendered":"<p>La relaci\u00f3n de Antonio Banderas con los Goya es, cuando menos, curiosa. Recogi\u00f3 el <strong>premio de Honor <\/strong>a toda su carrera dos a\u00f1os antes de levantar su primer Goya por un papel. Lo consigui\u00f3 este 2020 gracias a su trabajo en \u00ab<strong>Dolor y gloria<\/strong>\u00bb, de Pedro Almod\u00f3var. Sin embargo, el actor m\u00e1s popular y el que m\u00e1s consenso levanta entre el p\u00fablico patrio ha sido siempre, de una manera u otra, protagonista de la gran fiesta del cine espa\u00f1ol, ya fuera por su acaparadora presencia en la alfombra roja o por sus ausencias justificadas por estar trabajando en Hollywood o en Broadway.<\/p>\n<p>Pero para la <a href=\"https:\/\/www.abc.es\/play\/cine\/noticias\/abci-goya-2021-permitiran-competir-peliculas-estrenadas-streaming-202005111351_noticia.html\" target=\"_blank\" rel=\"noopener\">35 edici\u00f3n de los Goya<\/a>, que se celebrar\u00e1 si no hay sobresaltos el 27 de febrero en M\u00e1laga, la Academia de Cine ha ido un paso m\u00e1s all\u00e1: Antonio Banderas producir\u00e1, dirigir\u00e1, escribir\u00e1 -junto a un equipo de guionistas- y presentar\u00e1 la gala, que tendr\u00e1 lugar en el Soho, el teatro que el int\u00e9rprete fund\u00f3 en su ciudad natal. Todo lo har\u00e1, seg\u00fan anunci\u00f3 ayer la propia instituci\u00f3n, junto con <strong>Mar\u00eda Casado<\/strong>, presidenta de la Academia de Televisi\u00f3n y directora audiovisual de la productora que Banderas fund\u00f3 en pleno confinamiento, Teatro Soho TV.<\/p>\n<p>\u00abQueremos entregar a nuestro p\u00fablico y a toda la sociedad lo mejor que tenemos, y <strong>entre lo mejor est\u00e1 sin duda Antonio Banderas<\/strong>\u00bb, presumi\u00f3 en un comunicado Mariano Barroso, presidente de la Academia de Cine. \u00abEs un honor y un privilegio ponernos al servicio de la gran familia del cine espa\u00f1ol\u00bb, devolv\u00eda el cumplido el actor en el mismo comunicado.<\/p>\n<p>Por su parte, Mar\u00eda Casado, que se uni\u00f3 a Soho TV el d\u00eda despu\u00e9s de su salida de \u00abLa Ma\u00f1ana\u00bb de TVE, se sumaba a la celebraci\u00f3n: \u00abSer\u00e1 un gran reto y una mayor ilusi\u00f3n formar parte de una gala hist\u00f3rica a todos los niveles\u00bb. Suyo ser\u00e1 el mayor desaf\u00edo -al menos, en un primer momento- al pasar de presentar un \u00abmagazine\u00bb informativo a un directo en el que se mezclan las actuaciones musicales con las humor\u00edsticas entre premio y premio.<\/p>\n<p>Fuente:\u00a0 ABC Cultura<\/p>\n","protected":false},"excerpt":{"rendered":"<p>La relaci\u00f3n de Antonio Banderas con los Goya es, cuando <a href=\"https:\/\/sertv.gob.pa\/crisolfm\/la-academia-de-cine-cede-a-antonio-banderas-el-papel-protagonista-de-los-goya-2021\/\"> [&#8230;]<\/a><\/p>\n","protected":false},"author":64,"featured_media":30037,"comment_status":"closed","ping_status":"closed","sticky":false,"template":"","format":"standard","meta":{"footnotes":""},"categories":[6],"tags":[],"class_list":["post-30036","post","type-post","status-publish","format-standard","has-post-thumbnail","hentry","category-culturales"],"_links":{"self":[{"href":"https:\/\/sertv.gob.pa\/crisolfm\/wp-json\/wp\/v2\/posts\/30036","targetHints":{"allow":["GET"]}}],"collection":[{"href":"https:\/\/sertv.gob.pa\/crisolfm\/wp-json\/wp\/v2\/posts"}],"about":[{"href":"https:\/\/sertv.gob.pa\/crisolfm\/wp-json\/wp\/v2\/types\/post"}],"author":[{"embeddable":true,"href":"https:\/\/sertv.gob.pa\/crisolfm\/wp-json\/wp\/v2\/users\/64"}],"replies":[{"embeddable":true,"href":"https:\/\/sertv.gob.pa\/crisolfm\/wp-json\/wp\/v2\/comments?post=30036"}],"version-history":[{"count":1,"href":"https:\/\/sertv.gob.pa\/crisolfm\/wp-json\/wp\/v2\/posts\/30036\/revisions"}],"predecessor-version":[{"id":30038,"href":"https:\/\/sertv.gob.pa\/crisolfm\/wp-json\/wp\/v2\/posts\/30036\/revisions\/30038"}],"wp:featuredmedia":[{"embeddable":true,"href":"https:\/\/sertv.gob.pa\/crisolfm\/wp-json\/wp\/v2\/media\/30037"}],"wp:attachment":[{"href":"https:\/\/sertv.gob.pa\/crisolfm\/wp-json\/wp\/v2\/media?parent=30036"}],"wp:term":[{"taxonomy":"category","embeddable":true,"href":"https:\/\/sertv.gob.pa\/crisolfm\/wp-json\/wp\/v2\/categories?post=30036"},{"taxonomy":"post_tag","embeddable":true,"href":"https:\/\/sertv.gob.pa\/crisolfm\/wp-json\/wp\/v2\/tags?post=30036"}],"curies":[{"name":"wp","href":"https:\/\/api.w.org\/{rel}","templated":true}]}}