{"id":30077,"date":"2020-07-06T13:22:57","date_gmt":"2020-07-06T13:22:57","guid":{"rendered":"https:\/\/sertv.gob.pa\/crisolfm\/?p=30077"},"modified":"2020-07-06T13:22:57","modified_gmt":"2020-07-06T13:22:57","slug":"el-louvre-reabre-hoy-en-modo-poscovid-19","status":"publish","type":"post","link":"https:\/\/sertv.gob.pa\/crisolfm\/el-louvre-reabre-hoy-en-modo-poscovid-19\/","title":{"rendered":"El Louvre reabre hoy en modo poscovid-19"},"content":{"rendered":"<p>El <strong>Louvre<\/strong>, el museo m\u00e1s grande y m\u00e1s visitado del mundo, volver\u00e1 a abrir sus puertas este lunes en Par\u00eds con todas las precauciones para prevenir el contagio del<a href=\"https:\/\/www.prensa.com\/tema\/coronavirus\/\" target=\"_blank\" rel=\"noopener\"> coronavirus <\/a>y sin la avalancha habitual de turistas en esta \u00e9poca del a\u00f1o.<\/p>\n<p>La crisis del coronavirus ha dejado \u201cm\u00e1s de 40 millones de euros de p\u00e9rdidas\u201d al Louvre, anunci\u00f3 el presidente<strong> Jean-Luc Mart\u00ednez<\/strong>, que vaticina tres a\u00f1os dif\u00edciles desde el punto de vista financiero, y apuesta por una \u201cdemocratizaci\u00f3n cultural\u201d dirigida principalmente a los j\u00f3venes y a los p\u00fablicos m\u00e1s modestos, sobre todo franceses.<\/p>\n<p>Desde este lunes, el 70% de este museo p\u00fablico, unos 45 mil m2, estar\u00e1 abierto al p\u00fablico. Se trata de los sectores m\u00e1s frecuentados, entre ellos, las antig\u00fcedades, y en particular las egipcias.<\/p>\n<p>\u201cPerdemos el 80% de nuestro p\u00fablico. 75% de nuestros visitantes son extranjeros. Vamos a tener como mucho entre el 20% y el 30% de nuestro p\u00fablico del verano 2019, entre 4 mil y 10 mil visitantes diarios\u201d, dijo Jean-Luc Mart\u00ednez a la prensa la semana pasada. Este verano no se repetir\u00e1n escenas como las del a\u00f1o pasado en que se rechazaba la entrada a mucha gente.<\/p>\n<p>Las reservas de hora para las visitas se abrieron el 15 de junio en internet y es pr\u00e1cticamente la \u00fanica forma de entrar al Louvre, aunque tambi\u00e9n se puede intentar en el propio museo si quedan franjas horarias libres. Al 24 de junio, el \u00faltimo dato proporcionado, hab\u00eda 12 mil reservas, principalmente en julio.<\/p>\n<p>Los visitantes tendr\u00e1n que llevar mascarilla, no habr\u00e1 consignas ni bar, y los recorridos estar\u00e1n marcados con flechas y sin retorno posible.<\/p>\n<p>Fuente:\u00a0\u00a0 AFP<\/p>\n","protected":false},"excerpt":{"rendered":"<p>El Louvre, el museo m\u00e1s grande y m\u00e1s visitado del <a href=\"https:\/\/sertv.gob.pa\/crisolfm\/el-louvre-reabre-hoy-en-modo-poscovid-19\/\"> [&#8230;]<\/a><\/p>\n","protected":false},"author":64,"featured_media":30078,"comment_status":"closed","ping_status":"closed","sticky":false,"template":"","format":"standard","meta":{"footnotes":""},"categories":[6],"tags":[],"class_list":["post-30077","post","type-post","status-publish","format-standard","has-post-thumbnail","hentry","category-culturales"],"_links":{"self":[{"href":"https:\/\/sertv.gob.pa\/crisolfm\/wp-json\/wp\/v2\/posts\/30077","targetHints":{"allow":["GET"]}}],"collection":[{"href":"https:\/\/sertv.gob.pa\/crisolfm\/wp-json\/wp\/v2\/posts"}],"about":[{"href":"https:\/\/sertv.gob.pa\/crisolfm\/wp-json\/wp\/v2\/types\/post"}],"author":[{"embeddable":true,"href":"https:\/\/sertv.gob.pa\/crisolfm\/wp-json\/wp\/v2\/users\/64"}],"replies":[{"embeddable":true,"href":"https:\/\/sertv.gob.pa\/crisolfm\/wp-json\/wp\/v2\/comments?post=30077"}],"version-history":[{"count":1,"href":"https:\/\/sertv.gob.pa\/crisolfm\/wp-json\/wp\/v2\/posts\/30077\/revisions"}],"predecessor-version":[{"id":30079,"href":"https:\/\/sertv.gob.pa\/crisolfm\/wp-json\/wp\/v2\/posts\/30077\/revisions\/30079"}],"wp:featuredmedia":[{"embeddable":true,"href":"https:\/\/sertv.gob.pa\/crisolfm\/wp-json\/wp\/v2\/media\/30078"}],"wp:attachment":[{"href":"https:\/\/sertv.gob.pa\/crisolfm\/wp-json\/wp\/v2\/media?parent=30077"}],"wp:term":[{"taxonomy":"category","embeddable":true,"href":"https:\/\/sertv.gob.pa\/crisolfm\/wp-json\/wp\/v2\/categories?post=30077"},{"taxonomy":"post_tag","embeddable":true,"href":"https:\/\/sertv.gob.pa\/crisolfm\/wp-json\/wp\/v2\/tags?post=30077"}],"curies":[{"name":"wp","href":"https:\/\/api.w.org\/{rel}","templated":true}]}}