{"id":30088,"date":"2020-07-06T14:48:33","date_gmt":"2020-07-06T14:48:33","guid":{"rendered":"https:\/\/sertv.gob.pa\/crisolfm\/?p=30088"},"modified":"2020-07-06T14:48:33","modified_gmt":"2020-07-06T14:48:33","slug":"inspeccionan-sede-de-micultura-para-analizar-museo-nacional-de-historia-de-panama","status":"publish","type":"post","link":"https:\/\/sertv.gob.pa\/crisolfm\/inspeccionan-sede-de-micultura-para-analizar-museo-nacional-de-historia-de-panama\/","title":{"rendered":"Inspeccionan sede de MiCultura para analizar Museo Nacional de Historia de Panam\u00e1"},"content":{"rendered":"<p>El Ministerio de Cultura recibi\u00f3 a una delegaci\u00f3n de la Unidad Coordinadora de Infraestructuras P\u00fablicas (UCIP) de la Presidencia de la Rep\u00fablica para inspeccionar juntos las instalaciones de la sede principal de MiCultura, localizada en la Plaza de Francia del corregimiento de San Felipe, como parte del proyecto de restauraci\u00f3n del edificio que se convertir\u00eda en el nuevo Museo Nacional de Historia de Panam\u00e1.<\/p>\n<p>Este proyecto consiste en la reubicaci\u00f3n, reestructuraci\u00f3n y ampliaci\u00f3n con modernas tecnolog\u00edas de un Museo Nacional de Historia, en un espacio que permita contar con m\u00e1s piezas museogr\u00e1ficas y una experiencia de investigaci\u00f3n de nuestros elementos hist\u00f3ricos como naci\u00f3n, explic\u00f3 el ministro de Cultura, Carlos Aguilar.<\/p>\n<p>La comitiva de la UCIP hizo un recorrido con el ministro, el equipo de la direcci\u00f3n de infraestructuras y la direcci\u00f3n nacional de museos, para mostrar las condiciones existentes del edificio y recopilar informaci\u00f3n que permita el desarrollo del proyecto del nuevo museo, que formar\u00e1 parte de la Ruta de Museos de Panam\u00e1.<\/p>\n<p>En la actualidad, el Museo de Historia es un peque\u00f1o espacio que se halla dentro del Palacio Municipal de la ciudad de Panam\u00e1.<\/p>\n<p>En cuanto al nuevo museo de historia, se contempla el proceso de levantamiento del proyecto en conjunto con la UCIP y sus instalaciones ser\u00edan la actual sede del Ministerio de Cultura, con lo cual se requiere de un dise\u00f1o del plan de manejo y gesti\u00f3n para el museo.<\/p>\n<p>Anayansi Chichaco, directora de Museos, explic\u00f3 que, entre las tareas por efectuar en el ministerio, de acuerdo con el Plan de Gobierno de esta administraci\u00f3n, se encuentra el fortalecimiento de la Red Nacional de Museos, que comenz\u00f3 con actividades puntuales como la apertura de todos los museos del Estado, por primera vez en la historia durante los s\u00e1bados y domingo, que han tenido una respuesta positiva por parte de la poblaci\u00f3n.<\/p>\n<p>De igual forma, se lanz\u00f3 el a\u00f1o pasado la campa\u00f1a \u201cDomingo de Museos\u201d en una alianza p\u00fablico-privada con el sector tur\u00edstico, rompiendo un r\u00e9cord de visitas, y realizando alrededor de 70 eventos a nivel nacional.<\/p>\n<p>&nbsp;<\/p>\n<p>Fuente:\u00a0 MiCultura<\/p>\n","protected":false},"excerpt":{"rendered":"<p>El Ministerio de Cultura recibi\u00f3 a una delegaci\u00f3n de la <a href=\"https:\/\/sertv.gob.pa\/crisolfm\/inspeccionan-sede-de-micultura-para-analizar-museo-nacional-de-historia-de-panama\/\"> [&#8230;]<\/a><\/p>\n","protected":false},"author":64,"featured_media":30089,"comment_status":"closed","ping_status":"closed","sticky":false,"template":"","format":"standard","meta":{"footnotes":""},"categories":[6],"tags":[],"class_list":["post-30088","post","type-post","status-publish","format-standard","has-post-thumbnail","hentry","category-culturales"],"_links":{"self":[{"href":"https:\/\/sertv.gob.pa\/crisolfm\/wp-json\/wp\/v2\/posts\/30088","targetHints":{"allow":["GET"]}}],"collection":[{"href":"https:\/\/sertv.gob.pa\/crisolfm\/wp-json\/wp\/v2\/posts"}],"about":[{"href":"https:\/\/sertv.gob.pa\/crisolfm\/wp-json\/wp\/v2\/types\/post"}],"author":[{"embeddable":true,"href":"https:\/\/sertv.gob.pa\/crisolfm\/wp-json\/wp\/v2\/users\/64"}],"replies":[{"embeddable":true,"href":"https:\/\/sertv.gob.pa\/crisolfm\/wp-json\/wp\/v2\/comments?post=30088"}],"version-history":[{"count":1,"href":"https:\/\/sertv.gob.pa\/crisolfm\/wp-json\/wp\/v2\/posts\/30088\/revisions"}],"predecessor-version":[{"id":30090,"href":"https:\/\/sertv.gob.pa\/crisolfm\/wp-json\/wp\/v2\/posts\/30088\/revisions\/30090"}],"wp:featuredmedia":[{"embeddable":true,"href":"https:\/\/sertv.gob.pa\/crisolfm\/wp-json\/wp\/v2\/media\/30089"}],"wp:attachment":[{"href":"https:\/\/sertv.gob.pa\/crisolfm\/wp-json\/wp\/v2\/media?parent=30088"}],"wp:term":[{"taxonomy":"category","embeddable":true,"href":"https:\/\/sertv.gob.pa\/crisolfm\/wp-json\/wp\/v2\/categories?post=30088"},{"taxonomy":"post_tag","embeddable":true,"href":"https:\/\/sertv.gob.pa\/crisolfm\/wp-json\/wp\/v2\/tags?post=30088"}],"curies":[{"name":"wp","href":"https:\/\/api.w.org\/{rel}","templated":true}]}}