{"id":30111,"date":"2020-07-06T17:48:34","date_gmt":"2020-07-06T17:48:34","guid":{"rendered":"https:\/\/sertv.gob.pa\/crisolfm\/?p=30111"},"modified":"2020-07-06T17:48:34","modified_gmt":"2020-07-06T17:48:34","slug":"derriban-otra-estatua-de-colon-en-estados-unidos","status":"publish","type":"post","link":"https:\/\/sertv.gob.pa\/crisolfm\/derriban-otra-estatua-de-colon-en-estados-unidos\/","title":{"rendered":"Derriban otra estatua de Col\u00f3n en Estados Unidos"},"content":{"rendered":"<p>Manifestantes derribaron este s\u00e1bado una estatua de Crist\u00f3bal Col\u00f3n en la ciudad de Baltimore, en la costa este de Estados Unidos, en un nuevo episodio de la ola de ataques contra monumentos o estatuas de personajes hist\u00f3ricos vinculados a la esclavitud y el colonialismo.<\/p>\n<p>Los manifestantes derribaron la estatua de Col\u00f3n situada en el barrio de Litte Italy de Baltimore con la ayuda de cuerdas, seg\u00fan las im\u00e1genes difundidas por el sitio internet del diario Baltimore Sun.<\/p>\n<p>Desde el 25 de mayo, cuando comenzaron las protestas por la muerte del afroestadounidense George Floyd, asfixiado por un polic\u00eda blanco en Mine\u00e1polis, los manifestantes derribaron numerosas estatuas de personajes vinculados a la historia colonial o a las discriminaciones.<\/p>\n<p>En otros pa\u00edses, particularmente en el Reino Unido, tambi\u00e9n se produjeron actos similares.<\/p>\n<p>El 4 de julio, d\u00eda de la independencia en Estados Unidos, el presidente Donald Trump mencion\u00f3 en un discurso a Col\u00f3n.<\/p>\n<p>\u00abLucharemos juntos por el sue\u00f1o estadounidense y defenderemos y protegeremos y preservaremos el modo de vida estadounidense que comenz\u00f3 en 1492 cuando Crist\u00f3bal Col\u00f3n descubri\u00f3 Am\u00e9rica\u00bb, dijo Trump que atac\u00f3 a los manifestantes que denuncian las discriminaciones raciales.<\/p>\n<p>\u00abEstamos venciendo a la izquierda radical, a los marxistas, los anarquistas y los agitadores y saqueadores\u00bb, afirm\u00f3 Trump en una ceremonia en los jardines de la Casa Blanca.<\/p>\n<p>\u00abNunca permitiremos a una muchedumbre encolerizada derribar nuestras estatuas, borrar nuestra historia y adoctrinar a nuestros ni\u00f1os\u00bb, agreg\u00f3.<\/p>\n<p>Varias estatuas de Crist\u00f3bal Col\u00f3n fueron derribadas o da\u00f1adas, particularmente en Boston, Miami, Richmond y Camden.<br \/>\nPor su parte, la municipalidad de San Francisco retir\u00f3 una estatua del explorador genov\u00e9s de la sede del parlamento local.<\/p>\n<p>&nbsp;<\/p>\n<p>Fuente:\u00a0\u00a0 AFP<\/p>\n","protected":false},"excerpt":{"rendered":"<p>Manifestantes derribaron este s\u00e1bado una estatua de Crist\u00f3bal Col\u00f3n en <a href=\"https:\/\/sertv.gob.pa\/crisolfm\/derriban-otra-estatua-de-colon-en-estados-unidos\/\"> [&#8230;]<\/a><\/p>\n","protected":false},"author":64,"featured_media":30112,"comment_status":"closed","ping_status":"closed","sticky":false,"template":"","format":"standard","meta":{"footnotes":""},"categories":[6],"tags":[],"class_list":["post-30111","post","type-post","status-publish","format-standard","has-post-thumbnail","hentry","category-culturales"],"_links":{"self":[{"href":"https:\/\/sertv.gob.pa\/crisolfm\/wp-json\/wp\/v2\/posts\/30111","targetHints":{"allow":["GET"]}}],"collection":[{"href":"https:\/\/sertv.gob.pa\/crisolfm\/wp-json\/wp\/v2\/posts"}],"about":[{"href":"https:\/\/sertv.gob.pa\/crisolfm\/wp-json\/wp\/v2\/types\/post"}],"author":[{"embeddable":true,"href":"https:\/\/sertv.gob.pa\/crisolfm\/wp-json\/wp\/v2\/users\/64"}],"replies":[{"embeddable":true,"href":"https:\/\/sertv.gob.pa\/crisolfm\/wp-json\/wp\/v2\/comments?post=30111"}],"version-history":[{"count":1,"href":"https:\/\/sertv.gob.pa\/crisolfm\/wp-json\/wp\/v2\/posts\/30111\/revisions"}],"predecessor-version":[{"id":30113,"href":"https:\/\/sertv.gob.pa\/crisolfm\/wp-json\/wp\/v2\/posts\/30111\/revisions\/30113"}],"wp:featuredmedia":[{"embeddable":true,"href":"https:\/\/sertv.gob.pa\/crisolfm\/wp-json\/wp\/v2\/media\/30112"}],"wp:attachment":[{"href":"https:\/\/sertv.gob.pa\/crisolfm\/wp-json\/wp\/v2\/media?parent=30111"}],"wp:term":[{"taxonomy":"category","embeddable":true,"href":"https:\/\/sertv.gob.pa\/crisolfm\/wp-json\/wp\/v2\/categories?post=30111"},{"taxonomy":"post_tag","embeddable":true,"href":"https:\/\/sertv.gob.pa\/crisolfm\/wp-json\/wp\/v2\/tags?post=30111"}],"curies":[{"name":"wp","href":"https:\/\/api.w.org\/{rel}","templated":true}]}}