{"id":30123,"date":"2020-07-06T20:23:32","date_gmt":"2020-07-06T20:23:32","guid":{"rendered":"https:\/\/sertv.gob.pa\/crisolfm\/?p=30123"},"modified":"2020-07-06T20:23:32","modified_gmt":"2020-07-06T20:23:32","slug":"el-maestro-ennio-morricone-fallece-en-italia-a-los-91-anos","status":"publish","type":"post","link":"https:\/\/sertv.gob.pa\/crisolfm\/el-maestro-ennio-morricone-fallece-en-italia-a-los-91-anos\/","title":{"rendered":"\u201cEl Maestro\u201d, Ennio Morricone, fallece en Italia a los 91 a\u00f1os"},"content":{"rendered":"<p>El c\u00e9lebre compositor italiano <strong>Ennio Morricone<\/strong>, autor de bandas sonoras de pel\u00edculas mundialmente conocidas y ganador de dos premios \u00d3scar, falleci\u00f3 en Roma este lunes a los 91 a\u00f1os.<\/p>\n<p>Morricone estaba hospitalizado en una cl\u00ednica de Roma tras haber sufrido una ca\u00edda en la que se fractur\u00f3 el f\u00e9mur.<\/p>\n<p>\u00abEl Maestro\u00bb, como sol\u00eda ser llamado en Italia, falleci\u00f3 \u00abel 6 de julio reconfortado por la fe\u00bb, precis\u00f3 en un comunicado, el abogado y amigo de la familia Giorgio Assuma.<\/p>\n<p>Se mantuvo \u00abtotalmente l\u00facido y con una gran dignidad hasta el \u00faltimo momento\u00bb, agreg\u00f3 en un comunicado.<\/p>\n<p>El prol\u00edfico m\u00fasico compuso unas 500 bandas sonoras, entre ellas melod\u00edas \u00fanicas, como el silbido de \u00abEl bueno, el malo y el feo\u00bb (1966) o el magn\u00edfico solo de oboe de \u00abLa misi\u00f3n\u00bb (1986). Tiene el m\u00e9rito de ser autor de melod\u00edas que millones de personas, cin\u00e9filas o no, conocen o saben tararear.<\/p>\n<p>En 2016 recibi\u00f3 su primer \u00d3scar, por la pel\u00edcula \u00abThe Hateful Eight\u00bb (\u00abLos odiosos ocho\u00bb o \u00abLos ocho m\u00e1s odiados\u00bb), de Quentin Tarantino. En 2007 ya hab\u00eda merecido un \u00d3scar honor\u00edfico por su abundante y elogiada carrera musical.<\/p>\n<p>Hace tan solo unos d\u00edas Morricone fue galardonado, junto al tambi\u00e9n compositor John Williams, con el premio Princesa de Asturias de las Artes en Espa\u00f1a.<\/p>\n<p>La muerte de uno de los compositores m\u00e1s amados de la historia del cine provoc\u00f3 numerosas reacciones en todo el mundo.<\/p>\n<p>&nbsp;<\/p>\n<p>Fuente:\u00a0 AFP<\/p>\n<p>&nbsp;<\/p>\n","protected":false},"excerpt":{"rendered":"<p>El c\u00e9lebre compositor italiano Ennio Morricone, autor de bandas sonoras <a href=\"https:\/\/sertv.gob.pa\/crisolfm\/el-maestro-ennio-morricone-fallece-en-italia-a-los-91-anos\/\"> [&#8230;]<\/a><\/p>\n","protected":false},"author":64,"featured_media":30124,"comment_status":"closed","ping_status":"closed","sticky":false,"template":"","format":"standard","meta":{"footnotes":""},"categories":[6],"tags":[],"class_list":["post-30123","post","type-post","status-publish","format-standard","has-post-thumbnail","hentry","category-culturales"],"_links":{"self":[{"href":"https:\/\/sertv.gob.pa\/crisolfm\/wp-json\/wp\/v2\/posts\/30123","targetHints":{"allow":["GET"]}}],"collection":[{"href":"https:\/\/sertv.gob.pa\/crisolfm\/wp-json\/wp\/v2\/posts"}],"about":[{"href":"https:\/\/sertv.gob.pa\/crisolfm\/wp-json\/wp\/v2\/types\/post"}],"author":[{"embeddable":true,"href":"https:\/\/sertv.gob.pa\/crisolfm\/wp-json\/wp\/v2\/users\/64"}],"replies":[{"embeddable":true,"href":"https:\/\/sertv.gob.pa\/crisolfm\/wp-json\/wp\/v2\/comments?post=30123"}],"version-history":[{"count":1,"href":"https:\/\/sertv.gob.pa\/crisolfm\/wp-json\/wp\/v2\/posts\/30123\/revisions"}],"predecessor-version":[{"id":30125,"href":"https:\/\/sertv.gob.pa\/crisolfm\/wp-json\/wp\/v2\/posts\/30123\/revisions\/30125"}],"wp:featuredmedia":[{"embeddable":true,"href":"https:\/\/sertv.gob.pa\/crisolfm\/wp-json\/wp\/v2\/media\/30124"}],"wp:attachment":[{"href":"https:\/\/sertv.gob.pa\/crisolfm\/wp-json\/wp\/v2\/media?parent=30123"}],"wp:term":[{"taxonomy":"category","embeddable":true,"href":"https:\/\/sertv.gob.pa\/crisolfm\/wp-json\/wp\/v2\/categories?post=30123"},{"taxonomy":"post_tag","embeddable":true,"href":"https:\/\/sertv.gob.pa\/crisolfm\/wp-json\/wp\/v2\/tags?post=30123"}],"curies":[{"name":"wp","href":"https:\/\/api.w.org\/{rel}","templated":true}]}}