{"id":30131,"date":"2020-07-07T13:25:10","date_gmt":"2020-07-07T13:25:10","guid":{"rendered":"https:\/\/sertv.gob.pa\/crisolfm\/?p=30131"},"modified":"2020-07-07T13:25:10","modified_gmt":"2020-07-07T13:25:10","slug":"en-barcelona-la-sagrada-familia-reabre-en-homenaje-al-personal-sanitario","status":"publish","type":"post","link":"https:\/\/sertv.gob.pa\/crisolfm\/en-barcelona-la-sagrada-familia-reabre-en-homenaje-al-personal-sanitario\/","title":{"rendered":"En Barcelona, la Sagrada Familia reabre en homenaje al personal sanitario"},"content":{"rendered":"<p>La Bas\u00edlica de la Sagrada Familia en Barcelona volvi\u00f3 a abrir sus puertas el s\u00e1bado, despu\u00e9s de m\u00e1s de tres meses de cierre debido a la pandemia del coronavirus, acogiendo prioritariamente al personal sanitario, como agradecimiento por su compromiso.<\/p>\n<p>Esta primera fase de reapertura del \u00abtemplo\u00bb modernista -uno de los edificios m\u00e1s visitados de Espa\u00f1a- pretende ser un \u00abhomenaje\u00bb a todos los que se han movilizado contra la epidemia en la segunda ciudad de Espa\u00f1a.<\/p>\n<p>Auxiliares de enfermer\u00eda, enfermeras, m\u00e9dicos, farmac\u00e9uticos, etc. deambulaban, enmascarados, en el edificio declarado Patrimonio de la Humanidad.<\/p>\n<p>Matilde Fuentes, una doctora de 49 a\u00f1os, se mostr\u00f3 particularmente conmovida. \u00abHemos pasado por momentos muy dif\u00edciles, hemos tratado de estar all\u00ed cada vez que se nos necesitaba, y ahora que nos lo agradecen, da escalofr\u00edos\u00bb.<\/p>\n<p>Espa\u00f1a es uno de los pa\u00edses m\u00e1s afectados por la pandemia, con al menos 28.385 muertos.<\/p>\n<p>La extraordinaria bas\u00edlica, ideada en el siglo XIX por el arquitecto catal\u00e1n Antoni Gaud\u00ed, y todav\u00eda en construcci\u00f3n, est\u00e1 especialmente abierta para \u00abel personal sanitario de los principales hospitales de la ciudad, los agentes de los diferentes cuerpos que han velado por la seguridad de la ciudad, el personal de entidades sociales y oeneg\u00e9s, y para las organizaciones empresariales y de comerciantes\u00bb, seg\u00fan un comunicado de la Sagrada Familia.<\/p>\n<p>\u00abLa tercera fase abrir\u00e1 las puertas tanto al turismo local como al internacional, pero la fecha se anunciar\u00e1 una vez se tengan m\u00e1s datos sobre la evoluci\u00f3n de la desescalada, las posibilidades de desplazamiento por Espa\u00f1a y las facilidades para viajar a Barcelona desde otros pa\u00edses\u00bb, a\u00f1ade.<\/p>\n<p>\u00abEn menos de 5 horas se han agotado las 37.750 entradas que se hab\u00edan habilitado a trav\u00e9s del sitio web de la Sagrada Familia para los meses de julio y agosto\u00bb, precis\u00f3 el comunicado.<\/p>\n<p>&nbsp;<\/p>\n<p>Fuente:\u00a0 AFP<\/p>\n","protected":false},"excerpt":{"rendered":"<p>La Bas\u00edlica de la Sagrada Familia en Barcelona volvi\u00f3 a <a href=\"https:\/\/sertv.gob.pa\/crisolfm\/en-barcelona-la-sagrada-familia-reabre-en-homenaje-al-personal-sanitario\/\"> [&#8230;]<\/a><\/p>\n","protected":false},"author":64,"featured_media":30132,"comment_status":"closed","ping_status":"closed","sticky":false,"template":"","format":"standard","meta":{"footnotes":""},"categories":[6],"tags":[],"class_list":["post-30131","post","type-post","status-publish","format-standard","has-post-thumbnail","hentry","category-culturales"],"_links":{"self":[{"href":"https:\/\/sertv.gob.pa\/crisolfm\/wp-json\/wp\/v2\/posts\/30131","targetHints":{"allow":["GET"]}}],"collection":[{"href":"https:\/\/sertv.gob.pa\/crisolfm\/wp-json\/wp\/v2\/posts"}],"about":[{"href":"https:\/\/sertv.gob.pa\/crisolfm\/wp-json\/wp\/v2\/types\/post"}],"author":[{"embeddable":true,"href":"https:\/\/sertv.gob.pa\/crisolfm\/wp-json\/wp\/v2\/users\/64"}],"replies":[{"embeddable":true,"href":"https:\/\/sertv.gob.pa\/crisolfm\/wp-json\/wp\/v2\/comments?post=30131"}],"version-history":[{"count":1,"href":"https:\/\/sertv.gob.pa\/crisolfm\/wp-json\/wp\/v2\/posts\/30131\/revisions"}],"predecessor-version":[{"id":30133,"href":"https:\/\/sertv.gob.pa\/crisolfm\/wp-json\/wp\/v2\/posts\/30131\/revisions\/30133"}],"wp:featuredmedia":[{"embeddable":true,"href":"https:\/\/sertv.gob.pa\/crisolfm\/wp-json\/wp\/v2\/media\/30132"}],"wp:attachment":[{"href":"https:\/\/sertv.gob.pa\/crisolfm\/wp-json\/wp\/v2\/media?parent=30131"}],"wp:term":[{"taxonomy":"category","embeddable":true,"href":"https:\/\/sertv.gob.pa\/crisolfm\/wp-json\/wp\/v2\/categories?post=30131"},{"taxonomy":"post_tag","embeddable":true,"href":"https:\/\/sertv.gob.pa\/crisolfm\/wp-json\/wp\/v2\/tags?post=30131"}],"curies":[{"name":"wp","href":"https:\/\/api.w.org\/{rel}","templated":true}]}}