{"id":30140,"date":"2020-07-07T14:58:23","date_gmt":"2020-07-07T14:58:23","guid":{"rendered":"https:\/\/sertv.gob.pa\/crisolfm\/?p=30140"},"modified":"2020-07-07T14:58:23","modified_gmt":"2020-07-07T14:58:23","slug":"asi-fue-el-encierro-sin-toros-y-calles-vacias-de-hoy-en-pamplona","status":"publish","type":"post","link":"https:\/\/sertv.gob.pa\/crisolfm\/asi-fue-el-encierro-sin-toros-y-calles-vacias-de-hoy-en-pamplona\/","title":{"rendered":"As\u00ed fue el encierro sin toros y calles vac\u00edas de hoy en Pamplona"},"content":{"rendered":"<p>El<strong> Ayuntamiento de Pamplona<\/strong> ha publicado este martes un v\u00eddeo en el que recrea un encierro con calles vac\u00edas, con planos visuales del recorrido de los toros durante los sanfermines y la narraci\u00f3n imaginada de periodistas de distintas emisoras de radio.<\/p>\n<p>Se trata de un montaje que quiere recordar un acto del<strong> programa de Sanfermines <\/strong>que se convierte en cita diaria e imprescindible para miles de personas que lo siguen a trav\u00e9s de retransmisiones nacionales e internacionales otros a\u00f1os, pero que en este 2020 se ha quedado sin su celebraci\u00f3n por la suspensi\u00f3n de los sanfermines a causa de la pandemia del coronavirus.<\/p>\n<p>Y lo hace con una imagen real de c\u00f3mo han estado las calles de Pamplona a esa hora acompa\u00f1ada por la emoci\u00f3n de distintas voces que cuentan la manera en la que se habr\u00eda vivido ese momento en una situaci\u00f3n normal.<\/p>\n<p>Los planos del v\u00eddeo son similares a los que se ven en los encierros que se retransmiten cada ma\u00f1ana a trav\u00e9s de TVE y las voces pertenecen a conexiones de la SER, COPE, Onda Cero y RNE, emisoras que tambi\u00e9n cada d\u00eda cuentan al mundo lo que ocurre desde la calle<strong> Santo Domingo hasta la Plaza de Toros <\/strong>en unos sanfermines normales.<\/p>\n<p>El primer plano es el de la hornacina del Santo y de fondo se escucha el tradicional c\u00e1ntico, para a continuaci\u00f3n llegar el momento de la salida de corrales y la subida por la calle Santo Domingo. Le siguen narraciones y tomas de la Plaza Consistorial, <strong>calle Mercaderes<\/strong> y su curva, calle Estafeta, callej\u00f3n y Plaza de Toros.<\/p>\n<p>Para terminar, un coso vac\u00edo confluye con la imagen que el Ayuntamiento de Pamplona est\u00e1 transmitiendo desde que anunci\u00f3 en abril la suspensi\u00f3n de las fiestas de San Ferm\u00edn, un recuerdo de que llegar\u00e1n los Sanfermines en 2021 y <strong>#LosViviremos.<\/strong><\/p>\n<p>Con este v\u00eddeo, el Consistorio pamplon\u00e9s, adem\u00e1s de recordar el Encierro, quiere poner en valor en papel que tienen los medios de comunicaci\u00f3n para llevar las fiestas de San Ferm\u00edn m\u00e1s all\u00e1 de Pamplona hasta convertirlas en una cita internacional, ha informado en una nota<\/p>\n<p>&nbsp;<\/p>\n<p>Fuente:\u00a0 ABC Cultura<\/p>\n","protected":false},"excerpt":{"rendered":"<p>El Ayuntamiento de Pamplona ha publicado este martes un v\u00eddeo <a href=\"https:\/\/sertv.gob.pa\/crisolfm\/asi-fue-el-encierro-sin-toros-y-calles-vacias-de-hoy-en-pamplona\/\"> [&#8230;]<\/a><\/p>\n","protected":false},"author":64,"featured_media":30142,"comment_status":"closed","ping_status":"closed","sticky":false,"template":"","format":"standard","meta":{"footnotes":""},"categories":[6],"tags":[],"class_list":["post-30140","post","type-post","status-publish","format-standard","has-post-thumbnail","hentry","category-culturales"],"_links":{"self":[{"href":"https:\/\/sertv.gob.pa\/crisolfm\/wp-json\/wp\/v2\/posts\/30140","targetHints":{"allow":["GET"]}}],"collection":[{"href":"https:\/\/sertv.gob.pa\/crisolfm\/wp-json\/wp\/v2\/posts"}],"about":[{"href":"https:\/\/sertv.gob.pa\/crisolfm\/wp-json\/wp\/v2\/types\/post"}],"author":[{"embeddable":true,"href":"https:\/\/sertv.gob.pa\/crisolfm\/wp-json\/wp\/v2\/users\/64"}],"replies":[{"embeddable":true,"href":"https:\/\/sertv.gob.pa\/crisolfm\/wp-json\/wp\/v2\/comments?post=30140"}],"version-history":[{"count":1,"href":"https:\/\/sertv.gob.pa\/crisolfm\/wp-json\/wp\/v2\/posts\/30140\/revisions"}],"predecessor-version":[{"id":30143,"href":"https:\/\/sertv.gob.pa\/crisolfm\/wp-json\/wp\/v2\/posts\/30140\/revisions\/30143"}],"wp:featuredmedia":[{"embeddable":true,"href":"https:\/\/sertv.gob.pa\/crisolfm\/wp-json\/wp\/v2\/media\/30142"}],"wp:attachment":[{"href":"https:\/\/sertv.gob.pa\/crisolfm\/wp-json\/wp\/v2\/media?parent=30140"}],"wp:term":[{"taxonomy":"category","embeddable":true,"href":"https:\/\/sertv.gob.pa\/crisolfm\/wp-json\/wp\/v2\/categories?post=30140"},{"taxonomy":"post_tag","embeddable":true,"href":"https:\/\/sertv.gob.pa\/crisolfm\/wp-json\/wp\/v2\/tags?post=30140"}],"curies":[{"name":"wp","href":"https:\/\/api.w.org\/{rel}","templated":true}]}}