{"id":30153,"date":"2020-07-07T16:34:00","date_gmt":"2020-07-07T16:34:00","guid":{"rendered":"https:\/\/sertv.gob.pa\/crisolfm\/?p=30153"},"modified":"2020-07-07T16:34:00","modified_gmt":"2020-07-07T16:34:00","slug":"bali-preve-reabrir-sus-puertas-al-turismo-internacional-en-septiembre","status":"publish","type":"post","link":"https:\/\/sertv.gob.pa\/crisolfm\/bali-preve-reabrir-sus-puertas-al-turismo-internacional-en-septiembre\/","title":{"rendered":"Bali prev\u00e9 reabrir sus puertas al turismo internacional en septiembre"},"content":{"rendered":"<p>La isla indonesia de Bali, muy afectada por la crisis de covid-19, se reabrir\u00e1 en septiembre al turismo internacional, indicaron autoridades locales, en tanto la pandemia sigue avanzando en el archipi\u00e9lago asi\u00e1tico.<\/p>\n<p>Playas, templos y otros sitios tur\u00edsticos de la isla, cuya poblaci\u00f3n es predominantemente hind\u00fa, estar\u00e1n accesibles para los turistas indonesios desde fines de julio, y para los extranjeros a partir del 11 de septiembre.<\/p>\n<p>\u00abDebemos continuar haciendo todos los esfuerzos posibles para enfrentar a covid-19 de la mejor manera y, al mismo tiempo, reanudar nuestras actividades por el bien de la comunidad\u00bb, indic\u00f3 el gobernador de Bali, Wayan Koster, el domingo durante una ceremonia religiosa.<\/p>\n<p>Esta isla del archipi\u00e9lago del sureste asi\u00e1tico es muy apreciada por australianos y chinos, en particular, y desde que comenz\u00f3 la pandemia a principios de este a\u00f1o ha visto reducirse dr\u00e1sticamente el flujo de turistas, llevando a muchos hoteles, restaurantes y operadores del sector al borde de la quiebra.<\/p>\n<p>Indonesia cerr\u00f3 sus fronteras a los extranjeros no residentes desde marzo, para intentar contener la propagaci\u00f3n del coronavirus.<\/p>\n<p>Las autoridades de Bali no han precisado si en septiembre se autorizar\u00e1 la entrada a todos los turistas extranjeros o solamente a los provenientes de determinados pa\u00edses.<\/p>\n<p>La isla registra 1.900 casos de infectados por coronavirus y 23 muertes, seg\u00fan cifras oficiales.<\/p>\n<p>En toda Indonesia se constata un aumento constante de casos de covid-19, con casi 65.000 infectados y 3.241 muerte.<\/p>\n<p>&nbsp;<\/p>\n<p>Fuente:\u00a0\u00a0 AFP<\/p>\n<p>&nbsp;<\/p>\n","protected":false},"excerpt":{"rendered":"<p>La isla indonesia de Bali, muy afectada por la crisis <a href=\"https:\/\/sertv.gob.pa\/crisolfm\/bali-preve-reabrir-sus-puertas-al-turismo-internacional-en-septiembre\/\"> [&#8230;]<\/a><\/p>\n","protected":false},"author":64,"featured_media":30154,"comment_status":"closed","ping_status":"closed","sticky":false,"template":"","format":"standard","meta":{"footnotes":""},"categories":[6],"tags":[],"class_list":["post-30153","post","type-post","status-publish","format-standard","has-post-thumbnail","hentry","category-culturales"],"_links":{"self":[{"href":"https:\/\/sertv.gob.pa\/crisolfm\/wp-json\/wp\/v2\/posts\/30153","targetHints":{"allow":["GET"]}}],"collection":[{"href":"https:\/\/sertv.gob.pa\/crisolfm\/wp-json\/wp\/v2\/posts"}],"about":[{"href":"https:\/\/sertv.gob.pa\/crisolfm\/wp-json\/wp\/v2\/types\/post"}],"author":[{"embeddable":true,"href":"https:\/\/sertv.gob.pa\/crisolfm\/wp-json\/wp\/v2\/users\/64"}],"replies":[{"embeddable":true,"href":"https:\/\/sertv.gob.pa\/crisolfm\/wp-json\/wp\/v2\/comments?post=30153"}],"version-history":[{"count":1,"href":"https:\/\/sertv.gob.pa\/crisolfm\/wp-json\/wp\/v2\/posts\/30153\/revisions"}],"predecessor-version":[{"id":30155,"href":"https:\/\/sertv.gob.pa\/crisolfm\/wp-json\/wp\/v2\/posts\/30153\/revisions\/30155"}],"wp:featuredmedia":[{"embeddable":true,"href":"https:\/\/sertv.gob.pa\/crisolfm\/wp-json\/wp\/v2\/media\/30154"}],"wp:attachment":[{"href":"https:\/\/sertv.gob.pa\/crisolfm\/wp-json\/wp\/v2\/media?parent=30153"}],"wp:term":[{"taxonomy":"category","embeddable":true,"href":"https:\/\/sertv.gob.pa\/crisolfm\/wp-json\/wp\/v2\/categories?post=30153"},{"taxonomy":"post_tag","embeddable":true,"href":"https:\/\/sertv.gob.pa\/crisolfm\/wp-json\/wp\/v2\/tags?post=30153"}],"curies":[{"name":"wp","href":"https:\/\/api.w.org\/{rel}","templated":true}]}}