{"id":30166,"date":"2020-07-07T17:55:08","date_gmt":"2020-07-07T17:55:08","guid":{"rendered":"https:\/\/sertv.gob.pa\/crisolfm\/?p=30166"},"modified":"2020-07-07T17:55:08","modified_gmt":"2020-07-07T17:55:08","slug":"fuerte-caida-de-visitas-al-prado-reina-sofia-y-thyssen-desde-su-reapertura","status":"publish","type":"post","link":"https:\/\/sertv.gob.pa\/crisolfm\/fuerte-caida-de-visitas-al-prado-reina-sofia-y-thyssen-desde-su-reapertura\/","title":{"rendered":"Fuerte ca\u00edda de visitas al Prado, Reina Sof\u00eda y Thyssen desde su reapertura"},"content":{"rendered":"<p>El Tri\u00e1ngulo del Arte de Madrid, formado por el <strong>Museo del Prado<\/strong>, el <strong>Thyssen-Bornemisza<\/strong> y el<strong> Reina Sof\u00eda <\/strong>han experimentado una <strong>fuerte ca\u00edda en junio <\/strong>por las medidas de aforo reducido y medidas de distanciamiento social adoptadas para combatir la <a href=\"https:\/\/www.abc.es\/ciencia\/abci-coronavirus-algunas-personas-rechazan-ciencia-y-hechos-no-encajan-vision-202007062050_noticia.html\" target=\"_blank\" rel=\"noopener\">pandemia<\/a>.<\/p>\n<p>La ca\u00edda era de esperar, ya que las tres principales pinacotecas de Espa\u00f1a reabrieron el pasado 6 de junio con fuertes medidas de seguridad para garantizar la visita y <strong>sin visitantes extranjeros<\/strong>, que suponen<strong> m\u00e1s de la mitad de sus usuarios<\/strong>.<\/p>\n<p>La ca\u00edda m\u00e1s acusada es la del <a href=\"https:\/\/www.abc.es\/cultura\/arte\/abci-angeles-gonzalez-sinde-nunca-recibi-presiones-para-guernica-volviese-prado-202007040119_noticia.html\" target=\"_blank\" rel=\"noopener\">Reina Sof\u00eda<\/a> que del 6 al 30 de junio de este a\u00f1o ha tenido<strong> 13.133 visitantes en su sede principal<\/strong>, donde est\u00e1 <strong>alojado el \u00abGuernica\u00bb<\/strong> y el grueso de su colecci\u00f3n, mientras que el mismo periodo de 2019 tuvo 113.779 visitantes.<\/p>\n<p>El museo reabri\u00f3 el 6 de junio solo con<strong> una parte de su recorrido<\/strong>, la que acoge las piezas m\u00e1s importantes, como la <strong>obra central de Picasso<\/strong>, y otras salas referentes, como las <strong>dedicadas a Dal\u00ed<\/strong>. Ha ido sumando espacios a su recorrido durante las \u00faltimas semanas.<\/p>\n<p>El <a href=\"https:\/\/www.abc.es\/cultura\/abci-nombrados-siete-nuevos-patronos-museo-prado-202007052044_noticia.html\" target=\"_blank\" rel=\"noopener\">Museo del Prado <\/a>tambi\u00e9n ha pasado de recibir <strong>295.285<\/strong> visitantes en<strong> junio de 2019 <\/strong>(mes completo), a recibi<strong>r 41.358<\/strong> visitantes del 6 al 30 de junio. La pinacoteca ha reabierto solo una cuarta parte de su recorrido y lo ha hecho con <strong>\u00abReencuentro\u00bb, una exposici\u00f3n \u00fanica <\/strong>que agrupa sus obras m\u00e1s importantes.<\/p>\n<p>Hoy lunes <a href=\"https:\/\/www.abc.es\/cultura\/arte\/abci-prado-amplia-aforo-hasta-2500-visitantes-diarios-202007070112_noticia.html\" target=\"_blank\" rel=\"noopener\">ha anunciado que ampl\u00eda su aforo <\/a>de 1.800 visitantes al d\u00eda a 2.500, lo que permitir\u00e1 que la <strong>exposici\u00f3n sea vista por m\u00e1s personas. <\/strong><\/p>\n<p><a href=\"https:\/\/www.abc.es\/cultura\/arte\/abci-carmen-cervera-designa-hijo-borja-patrono-museo-thyssen-202007031437_noticia.html\" target=\"_blank\" rel=\"noopener\">El Thyssen-Bornemisza<\/a> es el que menos cae. A diferencia de los otros dos, el museo reabri\u00f3 el <strong>total de sus instalacione<\/strong>s, aunque con aforo reducido tal y como marcaba el programa de fases de desescalada del Gobierno. De los <strong>63.378 visitantes <\/strong>que recibi\u00f3 en junio de 2019 ha pasado a recibir <strong>25.079<\/strong> (del 6 al 30 de junio).<\/p>\n<p>En esta fuerte ca\u00edda influye por un lado la<strong> frenada en seco del turismo internacional<\/strong>, que en el caso de los tres museos supone m\u00e1s de la mitad de sus visitantes, pero tambi\u00e9n<strong> la del turismo nacional<\/strong>, que hasta que acab\u00f3 el estado de alarma (22 de junio) no se ha podido reactivar y todav\u00eda es poco importante.<\/p>\n<p>Las tres pinacotecas han reconocido que el cierre de casi tres meses durante la pandemia ha supuesto <strong>p\u00e9rdidas millonarias en sus<\/strong> cuentas -7 millones de euros en el caso del Prado y el Thyssen-, pero tambi\u00e9n reconocen que la<strong> visita ahora, con menos gente<\/strong>, es una <strong>oportunidad \u00fanica <\/strong>para disfrutar de nuevo de los museos espa\u00f1oles.<\/p>\n<p>Los visitantes pueden <a href=\"https:\/\/www.abc.es\/cultura\/arte\/abci-hizo-reencuentro-museo-nacional-prado-202006081217_video.html\" target=\"_blank\" rel=\"noopener\">visitar \u00abReencuentro\u00bb en el Prado<\/a>, mientras que el Reina y el Thyssen han <strong>prorrogado durante el verano <\/strong>la mayor\u00eda de las exposiciones que tuvieron que cerrar por la pandemia. Los datos de visitantes han sido facilitados por las tres pinacotecas.<\/p>\n<p>Fuente:\u00a0 ABC Cultura<\/p>\n","protected":false},"excerpt":{"rendered":"<p>El Tri\u00e1ngulo del Arte de Madrid, formado por el Museo <a href=\"https:\/\/sertv.gob.pa\/crisolfm\/fuerte-caida-de-visitas-al-prado-reina-sofia-y-thyssen-desde-su-reapertura\/\"> [&#8230;]<\/a><\/p>\n","protected":false},"author":64,"featured_media":30167,"comment_status":"closed","ping_status":"closed","sticky":false,"template":"","format":"standard","meta":{"footnotes":""},"categories":[6],"tags":[],"class_list":["post-30166","post","type-post","status-publish","format-standard","has-post-thumbnail","hentry","category-culturales"],"_links":{"self":[{"href":"https:\/\/sertv.gob.pa\/crisolfm\/wp-json\/wp\/v2\/posts\/30166","targetHints":{"allow":["GET"]}}],"collection":[{"href":"https:\/\/sertv.gob.pa\/crisolfm\/wp-json\/wp\/v2\/posts"}],"about":[{"href":"https:\/\/sertv.gob.pa\/crisolfm\/wp-json\/wp\/v2\/types\/post"}],"author":[{"embeddable":true,"href":"https:\/\/sertv.gob.pa\/crisolfm\/wp-json\/wp\/v2\/users\/64"}],"replies":[{"embeddable":true,"href":"https:\/\/sertv.gob.pa\/crisolfm\/wp-json\/wp\/v2\/comments?post=30166"}],"version-history":[{"count":1,"href":"https:\/\/sertv.gob.pa\/crisolfm\/wp-json\/wp\/v2\/posts\/30166\/revisions"}],"predecessor-version":[{"id":30168,"href":"https:\/\/sertv.gob.pa\/crisolfm\/wp-json\/wp\/v2\/posts\/30166\/revisions\/30168"}],"wp:featuredmedia":[{"embeddable":true,"href":"https:\/\/sertv.gob.pa\/crisolfm\/wp-json\/wp\/v2\/media\/30167"}],"wp:attachment":[{"href":"https:\/\/sertv.gob.pa\/crisolfm\/wp-json\/wp\/v2\/media?parent=30166"}],"wp:term":[{"taxonomy":"category","embeddable":true,"href":"https:\/\/sertv.gob.pa\/crisolfm\/wp-json\/wp\/v2\/categories?post=30166"},{"taxonomy":"post_tag","embeddable":true,"href":"https:\/\/sertv.gob.pa\/crisolfm\/wp-json\/wp\/v2\/tags?post=30166"}],"curies":[{"name":"wp","href":"https:\/\/api.w.org\/{rel}","templated":true}]}}