{"id":30185,"date":"2020-07-08T13:23:31","date_gmt":"2020-07-08T13:23:31","guid":{"rendered":"https:\/\/sertv.gob.pa\/crisolfm\/?p=30185"},"modified":"2020-07-08T13:23:31","modified_gmt":"2020-07-08T13:23:31","slug":"el-ministerio-de-cultura-abre-acto-de-licitacion-para-la-aduana-de-portobelo","status":"publish","type":"post","link":"https:\/\/sertv.gob.pa\/crisolfm\/el-ministerio-de-cultura-abre-acto-de-licitacion-para-la-aduana-de-portobelo\/","title":{"rendered":"El Ministerio de Cultura abre acto de licitaci\u00f3n para la Aduana de Portobelo"},"content":{"rendered":"<p>El Ministerio de Cultura llev\u00f3 a cabo en el Teatro Anita Villalaz el Acto de Recepci\u00f3n y Apertura de propuestas para la licitaci\u00f3n P\u00fablica Nacional de la Restauraci\u00f3n de la Aduana de Portobelo, localizada en el distrito de Portobelo provincia de Col\u00f3n.<\/p>\n<p>Este proyecto ser\u00e1 financiado por el Banco Interamericano de Desarrollo (BID), a un precio aproximado de dos millones setecientos cuarenta y cinco mil catorce d\u00f3lares con 35 centavos ($2,745,014.35), y surge de la necesidad de atenci\u00f3n que requieren los muros del edificio, as\u00ed como la cubierta del mismo, y el desarrollo e implementaci\u00f3n del museo de la esclavitud, con la museograf\u00eda de la Aduana de Portobelo.<\/p>\n<p>El tiempo de ejecuci\u00f3n de la obra ser\u00e1 de 18 meses y se efectuar\u00e1 en tres (3) fases, a partir de la orden de proceder, Fase I \u2013 Estudio, dise\u00f1o, desarrollo de planos y aprobaci\u00f3n de planos de construcci\u00f3n del proyecto restauraci\u00f3n de la Aduana de Portobelo, Fase II \u2013 Construcci\u00f3n y Fase III Obras de Museo (Fabricaci\u00f3n e instalaci\u00f3n de mobiliario, Instalaci\u00f3n de material gr\u00e1fico, Montaje de piezas de museo entre otras.<\/p>\n<p>Katti Osorio Directora Nacional de Patrimonio hist\u00f3rico manifest\u00f3 \u201ccon la recepci\u00f3n de expresiones de inter\u00e9s para la Licitaci\u00f3n P\u00fablica Nacional N\u00b02020-1-30-0-03-LP-011460 para la Restauraci\u00f3n de la Aduana de Portobelo, monumento hist\u00f3rico nacional, el Ministerio de Cultura avanza en las metas de plan de acci\u00f3n uniendo fuerzas del presidente Laurentino Cortizo Cohen, hacia el fomento, conservaci\u00f3n y salvaguardia de los monumentos hist\u00f3ricos nacionales\u201d.<\/p>\n<p>La Aduana de Portobelo est\u00e1 a orillas de la hermosa Bah\u00eda de Portobelo en el patrimonio mundial ante UNESCO \u201cFortificaciones de la Costa Caribe\u00f1a de Panam\u00e1: Portobelo y San Lorenzo\u201d, por lo cual la Aduana, como antigua puerta de entrada a las rutas internacionales del Istmo de Panam\u00e1 durante el periodo colonial espa\u00f1ol y parte en el entorno del patrimonio mundial, es parte de la presencia de nuestro pa\u00eds en la historia del mundo, ageg\u00f3 Osorio.<\/p>\n<p>La Aduana de Portobelo fue uno de los edificios de mayor importancia en esa \u00e9poca. Construido entre 1630 y 1634, su estructura respond\u00eda al modelo renacentista, tra\u00eddo por los espa\u00f1oles a estas tierras. Este edificio fue usado como almac\u00e9n, oficina fiscal, dep\u00f3sito de las cajas reales, residencia del gobernador y de los oficiales reales.<\/p>\n<p>El objetivo de este trabajo es poder rescatar el edificio de la Aduana de Portobelo, como elemento del Conjunto Monumental Hist\u00f3rico de Portobelo para Salvaguardar su autenticidad e integridad y asegurar su funci\u00f3n dentro de la comunidad.<\/p>\n<p>&nbsp;<\/p>\n<p>Fuente:\u00a0 MiCultura<\/p>\n","protected":false},"excerpt":{"rendered":"<p>El Ministerio de Cultura llev\u00f3 a cabo en el Teatro <a href=\"https:\/\/sertv.gob.pa\/crisolfm\/el-ministerio-de-cultura-abre-acto-de-licitacion-para-la-aduana-de-portobelo\/\"> [&#8230;]<\/a><\/p>\n","protected":false},"author":64,"featured_media":30186,"comment_status":"closed","ping_status":"closed","sticky":false,"template":"","format":"standard","meta":{"footnotes":""},"categories":[6],"tags":[],"class_list":["post-30185","post","type-post","status-publish","format-standard","has-post-thumbnail","hentry","category-culturales"],"_links":{"self":[{"href":"https:\/\/sertv.gob.pa\/crisolfm\/wp-json\/wp\/v2\/posts\/30185","targetHints":{"allow":["GET"]}}],"collection":[{"href":"https:\/\/sertv.gob.pa\/crisolfm\/wp-json\/wp\/v2\/posts"}],"about":[{"href":"https:\/\/sertv.gob.pa\/crisolfm\/wp-json\/wp\/v2\/types\/post"}],"author":[{"embeddable":true,"href":"https:\/\/sertv.gob.pa\/crisolfm\/wp-json\/wp\/v2\/users\/64"}],"replies":[{"embeddable":true,"href":"https:\/\/sertv.gob.pa\/crisolfm\/wp-json\/wp\/v2\/comments?post=30185"}],"version-history":[{"count":1,"href":"https:\/\/sertv.gob.pa\/crisolfm\/wp-json\/wp\/v2\/posts\/30185\/revisions"}],"predecessor-version":[{"id":30187,"href":"https:\/\/sertv.gob.pa\/crisolfm\/wp-json\/wp\/v2\/posts\/30185\/revisions\/30187"}],"wp:featuredmedia":[{"embeddable":true,"href":"https:\/\/sertv.gob.pa\/crisolfm\/wp-json\/wp\/v2\/media\/30186"}],"wp:attachment":[{"href":"https:\/\/sertv.gob.pa\/crisolfm\/wp-json\/wp\/v2\/media?parent=30185"}],"wp:term":[{"taxonomy":"category","embeddable":true,"href":"https:\/\/sertv.gob.pa\/crisolfm\/wp-json\/wp\/v2\/categories?post=30185"},{"taxonomy":"post_tag","embeddable":true,"href":"https:\/\/sertv.gob.pa\/crisolfm\/wp-json\/wp\/v2\/tags?post=30185"}],"curies":[{"name":"wp","href":"https:\/\/api.w.org\/{rel}","templated":true}]}}