{"id":30219,"date":"2020-07-08T16:24:16","date_gmt":"2020-07-08T16:24:16","guid":{"rendered":"https:\/\/sertv.gob.pa\/crisolfm\/?p=30219"},"modified":"2020-07-08T16:24:16","modified_gmt":"2020-07-08T16:24:16","slug":"las-residencias-reales-britanicas-reabren-sus-puertas-al-publico","status":"publish","type":"post","link":"https:\/\/sertv.gob.pa\/crisolfm\/las-residencias-reales-britanicas-reabren-sus-puertas-al-publico\/","title":{"rendered":"Las residencias reales brit\u00e1nicas reabren sus puertas al p\u00fablico"},"content":{"rendered":"<p>Varias de las residencias de la reina Isabel II volver\u00e1n a abrir sus puertas al p\u00fablico a finales de este mes tras haber cerrado durante el confinamiento contra el coronavirus, anunci\u00f3 el mi\u00e9rcoles el organismo que las gestiona.<\/p>\n<p>El castillo de Windsor, situado unos 40 km al oeste de Londres, donde la monarca de 94 a\u00f1os y su marido de 99 a\u00f1os han estado confinados desde el comienzo de la pandemia, abrir\u00e1 para visitas con reserva a partir del 23 de julio, inform\u00f3 el Royal Collection Trust.<\/p>\n<p>El mismo d\u00eda reabrir\u00e1n tambi\u00e9n en la capital los establos reales y la galer\u00eda de la reina, ambos ubicados en el Palacio de Buckingham, y en Escocia el Palacio de Holyroodhouse, residencia oficial de la soberana en Edimburgo.<\/p>\n<p>Sin embargo, los salones estatales del Palacio de Buckingham, la Frogmore House, en el recinto de Windsor, y la Clarence House, residencia londinense del pr\u00edncipe Carlos, permanecer\u00e1n cerrados durante los meses de verano \u00abdebido a los desaf\u00edos operacionales del distanciamiento social\u00bb, precis\u00f3 la instituci\u00f3n.<\/p>\n<p>El Royal Collection Trust, que gestiona la colecci\u00f3n real de arte y el acceso p\u00fablico a las residencias oficiales, ha sufrido una importante ca\u00edda de los ingresos que le ha obligado, seg\u00fan la prensa, a planificar despidos voluntarios y congelaci\u00f3n de salarios.<\/p>\n<p>Se esperaba que ganara 77 millones de libras (96,5 millones de d\u00f3lares, 85,6 millones de euros) este a\u00f1o, pero el cierre ha hecho que sus ingresos caigan a 13 millones de libras, afirm\u00f3 el diario Daily Telegraph citando un memorando interno.<\/p>\n<p>Los visitantes de las residencias reales deber\u00e1n reservar sus billetes con antelaci\u00f3n y seguir medidas de distanciamiento como los recorridos en sentido \u00fanico para limitar la propagaci\u00f3n del coronavirus.<\/p>\n<p>&nbsp;<\/p>\n<p>Fuente:\u00a0 AFP<\/p>\n","protected":false},"excerpt":{"rendered":"<p>Varias de las residencias de la reina Isabel II volver\u00e1n <a href=\"https:\/\/sertv.gob.pa\/crisolfm\/las-residencias-reales-britanicas-reabren-sus-puertas-al-publico\/\"> [&#8230;]<\/a><\/p>\n","protected":false},"author":64,"featured_media":30220,"comment_status":"closed","ping_status":"closed","sticky":false,"template":"","format":"standard","meta":{"footnotes":""},"categories":[6],"tags":[],"class_list":["post-30219","post","type-post","status-publish","format-standard","has-post-thumbnail","hentry","category-culturales"],"_links":{"self":[{"href":"https:\/\/sertv.gob.pa\/crisolfm\/wp-json\/wp\/v2\/posts\/30219","targetHints":{"allow":["GET"]}}],"collection":[{"href":"https:\/\/sertv.gob.pa\/crisolfm\/wp-json\/wp\/v2\/posts"}],"about":[{"href":"https:\/\/sertv.gob.pa\/crisolfm\/wp-json\/wp\/v2\/types\/post"}],"author":[{"embeddable":true,"href":"https:\/\/sertv.gob.pa\/crisolfm\/wp-json\/wp\/v2\/users\/64"}],"replies":[{"embeddable":true,"href":"https:\/\/sertv.gob.pa\/crisolfm\/wp-json\/wp\/v2\/comments?post=30219"}],"version-history":[{"count":1,"href":"https:\/\/sertv.gob.pa\/crisolfm\/wp-json\/wp\/v2\/posts\/30219\/revisions"}],"predecessor-version":[{"id":30221,"href":"https:\/\/sertv.gob.pa\/crisolfm\/wp-json\/wp\/v2\/posts\/30219\/revisions\/30221"}],"wp:featuredmedia":[{"embeddable":true,"href":"https:\/\/sertv.gob.pa\/crisolfm\/wp-json\/wp\/v2\/media\/30220"}],"wp:attachment":[{"href":"https:\/\/sertv.gob.pa\/crisolfm\/wp-json\/wp\/v2\/media?parent=30219"}],"wp:term":[{"taxonomy":"category","embeddable":true,"href":"https:\/\/sertv.gob.pa\/crisolfm\/wp-json\/wp\/v2\/categories?post=30219"},{"taxonomy":"post_tag","embeddable":true,"href":"https:\/\/sertv.gob.pa\/crisolfm\/wp-json\/wp\/v2\/tags?post=30219"}],"curies":[{"name":"wp","href":"https:\/\/api.w.org\/{rel}","templated":true}]}}