{"id":30256,"date":"2020-07-09T13:50:42","date_gmt":"2020-07-09T13:50:42","guid":{"rendered":"https:\/\/sertv.gob.pa\/crisolfm\/?p=30256"},"modified":"2020-07-09T13:50:42","modified_gmt":"2020-07-09T13:50:42","slug":"la-vida-y-obra-de-mercedes-sosa-se-convertira-en-miniserie-de-ficcion-en-2021","status":"publish","type":"post","link":"https:\/\/sertv.gob.pa\/crisolfm\/la-vida-y-obra-de-mercedes-sosa-se-convertira-en-miniserie-de-ficcion-en-2021\/","title":{"rendered":"La vida y obra de Mercedes Sosa se convertir\u00e1 en miniserie de ficci\u00f3n en 2021"},"content":{"rendered":"<p>Por el momento, se desconoce el elenco de actores que participar\u00e1 de la serie y la plataforma por donde ser\u00e1 distribuida<\/p>\n<p>La vida y obra de la emblem\u00e1tica cantora argentina Mercedes Sosa (1935-2009) ser\u00e1 plasmada en una miniserie de ficci\u00f3n de 13 episodios que se estrenar\u00e1 en 2021 y que cuenta con el aval de la familia de la artista, inform\u00f3 este martes la productora encargada del proyecto.<\/p>\n<p>La propuesta ya est\u00e1 en etapa de desarrollo y escritura de guiones por parte de Cinema 7 Films, que ya en 2013 hab\u00eda estrenado un documental sobre la int\u00e9rprete dirigido por Rodrigo Vila, quien a su vez es el fundador de la productora y ya tiene la autorizaci\u00f3n de Araceli y Agust\u00edn Matus, los nietos de Sosa.<\/p>\n<p>\u00abEs un proyecto que con Agust\u00edn aceptamos porque nos lo propuso Rodrigo, que ya lo conocemos hace m\u00e1s de 10 a\u00f1os. En cuanto nos propuso hacer una serie, dijimos que s\u00ed\u00bb, dijo Araceli a Efe.<\/p>\n<p>La miniserie recorrer\u00e1 no solo el \u00e9xito que la artista cosech\u00f3 en multitud de pa\u00edses, sino tambi\u00e9n la dram\u00e1tica historia de superaci\u00f3n personal de la considerada mayor emblema del folclore argentino, que naci\u00f3 en la pobreza, sufri\u00f3 persecuci\u00f3n pol\u00edtica y padeci\u00f3 una depresi\u00f3n que casi fue mortal.<\/p>\n<p>\u00abNos llena de orgullo y alegr\u00eda poder llevar a la pantalla la vida de nuestra abuela Mercedes, una mujer que ha sorteado todo tipo de dificultades, convirti\u00e9ndose en un s\u00edmbolo de lucha y en una de las voces m\u00e1s importantes de toda Am\u00e9rica Latina\u00bb, expresan sus nietos, descendientes directos de la cantora tras la muerte en 2019 de su \u00fanico hijo, Fabi\u00e1n, en un comunicado difundido por la productora.<\/p>\n<p>Ambos proporcionar\u00e1n material in\u00e9dito de su abuela, eterna voz de himnos del cancionero latinoamericano como \u00abAlfonsina y el mar\u00bb, \u00abTodo cambia\u00bb, \u00abLa maza\u00bb y \u00abZamba para no morir\u00bb, para facilitar el trabajo.<\/p>\n<p>El director y productor Rodrigo Vila destac\u00f3 su inter\u00e9s de retratar a Mercedes \u00abtal cual era, con sus virtudes y sus tribulaciones, una hero\u00edna de carne y hueso\u00bb.<\/p>\n<p>\u00abNo tenemos dudas que el gran p\u00fablico se va a sorprender con esta serie, sobre todo el m\u00e1s joven\u00bb, agreg\u00f3.<\/p>\n<p>Fuente:\u00a0 EFE<\/p>\n<p>&nbsp;<\/p>\n","protected":false},"excerpt":{"rendered":"<p>Por el momento, se desconoce el elenco de actores que <a href=\"https:\/\/sertv.gob.pa\/crisolfm\/la-vida-y-obra-de-mercedes-sosa-se-convertira-en-miniserie-de-ficcion-en-2021\/\"> [&#8230;]<\/a><\/p>\n","protected":false},"author":64,"featured_media":30257,"comment_status":"closed","ping_status":"closed","sticky":false,"template":"","format":"standard","meta":{"footnotes":""},"categories":[6],"tags":[],"class_list":["post-30256","post","type-post","status-publish","format-standard","has-post-thumbnail","hentry","category-culturales"],"_links":{"self":[{"href":"https:\/\/sertv.gob.pa\/crisolfm\/wp-json\/wp\/v2\/posts\/30256","targetHints":{"allow":["GET"]}}],"collection":[{"href":"https:\/\/sertv.gob.pa\/crisolfm\/wp-json\/wp\/v2\/posts"}],"about":[{"href":"https:\/\/sertv.gob.pa\/crisolfm\/wp-json\/wp\/v2\/types\/post"}],"author":[{"embeddable":true,"href":"https:\/\/sertv.gob.pa\/crisolfm\/wp-json\/wp\/v2\/users\/64"}],"replies":[{"embeddable":true,"href":"https:\/\/sertv.gob.pa\/crisolfm\/wp-json\/wp\/v2\/comments?post=30256"}],"version-history":[{"count":1,"href":"https:\/\/sertv.gob.pa\/crisolfm\/wp-json\/wp\/v2\/posts\/30256\/revisions"}],"predecessor-version":[{"id":30258,"href":"https:\/\/sertv.gob.pa\/crisolfm\/wp-json\/wp\/v2\/posts\/30256\/revisions\/30258"}],"wp:featuredmedia":[{"embeddable":true,"href":"https:\/\/sertv.gob.pa\/crisolfm\/wp-json\/wp\/v2\/media\/30257"}],"wp:attachment":[{"href":"https:\/\/sertv.gob.pa\/crisolfm\/wp-json\/wp\/v2\/media?parent=30256"}],"wp:term":[{"taxonomy":"category","embeddable":true,"href":"https:\/\/sertv.gob.pa\/crisolfm\/wp-json\/wp\/v2\/categories?post=30256"},{"taxonomy":"post_tag","embeddable":true,"href":"https:\/\/sertv.gob.pa\/crisolfm\/wp-json\/wp\/v2\/tags?post=30256"}],"curies":[{"name":"wp","href":"https:\/\/api.w.org\/{rel}","templated":true}]}}